{"id":5782,"date":"2023-06-15T15:09:02","date_gmt":"2023-06-15T13:09:02","guid":{"rendered":"https:\/\/sinergana.hr\/?p=5782"},"modified":"2024-03-20T15:59:53","modified_gmt":"2024-03-20T14:59:53","slug":"potpisan-ugovor-o-izvodenju-radova-na-rekonstrukciji-i-prenamjeni-zgrade-energane-u-inkubator-za-kreativne-tehnologije-i-it-industriju","status":"publish","type":"post","link":"https:\/\/sinergana.hr\/en\/potpisan-ugovor-o-izvodenju-radova-na-rekonstrukciji-i-prenamjeni-zgrade-energane-u-inkubator-za-kreativne-tehnologije-i-it-industriju\/","title":{"rendered":"Potpisan ugovor o izvo\u0111enju radova na rekonstrukciji i prenamjeni zgrade Energane u inkubator za kreativne tehnologije i IT industriju"},"content":{"rendered":"<div class=\"summary\">\n<p>U prostoru Rihuba odr\u017eana je po\u010detna konferencija projekta te potpisan ugovor za izvo\u0111enje gra\u0111evinskih radova na rekonstrukciji i prenamijeni zgrade Energane u inkubator za kreativne tehnologije i IT industriju.<\/p>\n<\/div>\n<div class=\"user-content\">\n<p>Glavni cilj EU projekta\u00a0Energana \u2013 Inkubator za kreativne tehnologije i IT industriju\u00a0je ja\u010danje konkurentnosti i poticanje rasta i razvoja novoosnovanih i postoje\u0107ih malih i srednjih poduze\u0107a u informati\u010dko tehnolo\u0161kom sektoru i kreativnim tehnologijama na podru\u010dju Urbane aglomeracije Rijeka, kroz suvremenu poduzetni\u010dku infrastrukturu koja uklju\u010duje inkubaciju i umre\u017eavanje poduzetnika u ciljanim industrijama.<\/p>\n<p>Energana je primarno namijenjena poduzetnicima po\u010detnicima i poduzetnicima u fazi rasta u IT i kreativnim industrijama te povezanim podru\u010djima, zatim startupovima proiza\u0161lima iz programa Startup inkubatora, no aktivnosti inkubatora orijentirane su i na studente<strong>,\u00a0<\/strong>u\u010denike srednjih \u0161kola<strong>,\u00a0<\/strong>umjetnike<strong>,\u00a0<\/strong>ustanove iz podru\u010dja obrazovanja i kulture te znanstvene i visoko\u0161kolske institucije.<\/p>\n<div id=\"attachment_181380\" class=\"wp-caption wp-image-181380 size-medium alignnone\"><a title=\"\" role=\"link\" href=\"https:\/\/www.rijeka.hr\/wp-content\/uploads\/2022\/03\/Po%C4%8Detna-konferencija-projekta-i-potpisivanje-ugovora-o-izvo%C4%91enju-gra%C4%91evinskih-radova-na-r-5.jpg\" data-rel=\"lightbox-0\"><img fetchpriority=\"high\" decoding=\"async\" class=\"alignnone wp-image-181380 size-medium\" src=\"https:\/\/www.rijeka.hr\/wp-content\/uploads\/2022\/03\/Po%C4%8Detna-konferencija-projekta-i-potpisivanje-ugovora-o-izvo%C4%91enju-gra%C4%91evinskih-radova-na-r-5-600x400.jpg\" alt=\"Potpisivanje ugovora o izvo\u0111enju gra\u0111evinskih radova na rekonstrukciji zgrade Energane\" width=\"600\" height=\"399\" \/><\/a><\/div>\n<div class=\"wp-caption wp-image-181380 size-medium alignnone\">UGOVOR SU POTPISALI GRADONA\u010cELNIK MARKO FILIPOVI\u0106 I STIPE GULI\u0106 U IME PREDSTAVNIKA IZVO\u0110A\u010cA RADOVA<\/div>\n<p>Korisnici Energane \u0107e kroz integrirane aktivnosti dobiti podr\u0161ku u razvoju novih proizvoda i usluga, umre\u017eavanju, internacionalizaciji i tra\u017eenju izvora financiranja.<\/p>\n<p>Ugovor o izvo\u0111enju gra\u0111evinskih radova na rekonstrukciji i prenamjeni zgrade Energane potpisali su rije\u010dki gradona\u010delnik Marko Filipovi\u0107 i Stipe Guli\u0107, predstavnik izvo\u0111a\u010da radova \u2013 zajednice ponuditelja Lav\u010devi\u0107 d.d. i Lav\u010devi\u0107-in\u017eenjering d.o.o.<\/p>\n<p>\u201eOvaj je projekt iskorak u stvaranju jednog ekosustava poticanja poduzetni\u0161tva, naro\u010dito u sferi IT i kreativnih i kulturnih industrija. Drago mi je i da je Europska unija prepoznala ovaj projekt i uklju\u010dila se njegovo sufinanciranje. Jedna od uloga jedinica lokalne samouprave, u ovom slu\u010daju Grada Rijeke je da stvori uvjete za razvoj poduzetni\u0161tva naro\u010dito one vrste koja generira nova radna mjesta, ali i iznadprosje\u010dne prihode zaposlenih i vjerujem da idemo uspje\u0161no u tom smjeru. Budu li radovi tekli prema predvi\u0111enom planu, zgrada Energane bi za prve korisnike trebala biti gotova i spremna krajem idu\u0107e godine\u201d, rekao je gradona\u010delnik Filipovi\u0107 i dodao kako \u0107e Energana biti na raspolaganju Rije\u010danima, ali i svima onima koji u Rijeku \u017eele do\u0107i s ciljem razvijanja novih industrija. Dodao je i kako je upravo zavr\u0161en i preliminarni poziv za iskazivanje interesa za kupnju lokacija u Poduzetni\u010dkoj zoni Bodulovo na kojem je iskazan tri puta ve\u0107i interes nego \u0161to ima gra\u0111evinskih parcela, \u0161to je dobra vijest. \u201cMoramo razmi\u0161ljati o pro\u0161irenju zone, odnosno formiranju novih poduzetni\u010dkih zona na podru\u010dju grada Rijeke\u201d, zaklju\u010dio je gradona\u010delnik Filipovi\u0107.<\/p>\n<div id=\"attachment_181381\" class=\"wp-caption wp-image-181381 size-medium alignnone\">\n<p><a title=\"\" role=\"link\" href=\"https:\/\/www.rijeka.hr\/wp-content\/uploads\/2022\/03\/Po%C4%8Detna-konferencija-projekta-i-potpisivanje-ugovora-o-izvo%C4%91enju-gra%C4%91evinskih-radova-na-rek-1.jpg\" data-rel=\"lightbox-1\"><img decoding=\"async\" class=\"alignnone wp-image-181381 size-medium\" src=\"https:\/\/www.rijeka.hr\/wp-content\/uploads\/2022\/03\/Po%C4%8Detna-konferencija-projekta-i-potpisivanje-ugovora-o-izvo%C4%91enju-gra%C4%91evinskih-radova-na-rek-1-600x400.jpg\" alt=\"Potpisivanje ugovora o izvo\u0111enju gra\u0111evinskih radova na rekonstrukciji zgrade Energane\" width=\"600\" height=\"400\" \/><\/a><\/p>\n<p class=\"wp-caption-text\">\u201cRADIMO NA POTICANJU PODUZETNI\u0160TVA U IT-JU I KREATIVNIM I KULTURNIM INDUSTRIJAMA\u201d, REKAO JE MARKO FILIPOVI\u0106<\/p>\n<\/div>\n<p>Nakon potpisivanja ugovora predsjednik IT zajednice Rijeka Rene Brakus odr\u017eao je prezentaciju o radu Udruge IT zajednice.<\/p>\n<p>Ukupna vrijednost projekta Energana \u2013 Inkubator za kreativne tehnologije i IT industriju iznosi 46.315.956 kuna od \u010dega je 31.468.168 kuna sufinancirano iz Europskog fonda za regionalni razvoj \u2013 Operativnog programa \u2018Konkurentnost i kohezija 2014.- 2020.\u2019 putem mehanizma Integriranih teritorijalnih ulaganja (ITU mehanizam), a 2.776.603 kuna od strane Ministarstva regionalnog razvoja i fondova Europske unije.<\/p>\n<h3>Ure\u0111enje funkcionalnog prostora za korisnike<\/h3>\n<p>Rekonstrukcijom zgrade energane u biv\u0161oj rije\u010dkoj Tvornici papira uredit \u0107e se preko 2.700m\u00b2 iskoristive povr\u0161ine na tri eta\u017ee. Budu\u0107i prostor inkubatora Energana imat \u0107e i 24 uredska prostora, odnosno inkubacijske jedinice za poduzetnike, u\u010dionice, sobe za razgovor i sale za sastanke, multifunkcionalnu dvoranu,\u00a0<em>coworking<\/em>\u00a0prostor te druge funkcionalne i logisti\u010dke sadr\u017eaje neophodne za u\u010dinkovit rad i ugodan boravak korisnika u inkubatoru.<\/p>\n<p>Izvo\u0111a\u010d gra\u0111evinskih radova na rekonstrukciji i prenamjeni zgrade Energane u inkubator za kreativne tehnologije i IT industriju vrijednih 28.494.581,87 kn (bez PDV-a) je zajednica ponuditelja Lav\u010devi\u0107 d.d.; Lav\u010devi\u0107 \u2013 In\u017eenjering d.o.o. iz Splita. Projektantski nadzor obavljat \u0107e\u00a0Prag d.o.o., iz Rijeke, a stru\u010dni nadzor\u00a0 Karloline \u2013 Kling d.o.o. iz Li\u010da. Po\u010detak radova planiran je\u00a0 krajem o\u017eujka 2022. godine,\u00a0a rok izvo\u0111enja radova je lipanj 2023. godine.<\/p>\n<h3>Specijalno opremljeni prostori i usluge za budu\u0107e korisnike Energane<\/h3>\n<p>Podr\u0161ka korisnicima pru\u017eat \u0107e se u tri glavna tematska podru\u010dja: umjetna inteligencija (AI) i Internet stvari (Internet of Things \u2013 IoT), razvoj ra\u010dunalnih igara\u00a0 te foto i video produkcija.<\/p>\n<div id=\"attachment_181382\" class=\"wp-caption wp-image-181382 size-medium alignnone\"><a title=\"\" role=\"link\" href=\"https:\/\/www.rijeka.hr\/wp-content\/uploads\/2022\/03\/Po%C4%8Detna-konferencija-projekta-i-potpisivanje-ugovora-o-izvo%C4%91enju-gra%C4%91evinskih-radova-na-r-7.jpg\" data-rel=\"lightbox-2\"><img decoding=\"async\" class=\"alignnone wp-image-181382 size-medium\" src=\"https:\/\/www.rijeka.hr\/wp-content\/uploads\/2022\/03\/Po%C4%8Detna-konferencija-projekta-i-potpisivanje-ugovora-o-izvo%C4%91enju-gra%C4%91evinskih-radova-na-r-7-600x400.jpg\" alt=\"Potpisivanje ugovora o izvo\u0111enju gra\u0111evinskih radova na rekonstrukciji zgrade Energane\" width=\"600\" height=\"400\" \/><\/a><\/div>\n<div class=\"wp-caption wp-image-181382 size-medium alignnone\">RENE BRAKUS ODR\u017dAO JE PREZENTACIJU O RADU UDRUGE IT ZAJEDNICE RIJEKA<\/div>\n<p>Korisnicima \u0107e biti na raspolaganju laboratorij za umjetnu inteligenciju (AI Lab) s ICT opremom za potrebe edukacija poduzetnika usmjerenih na razvoj umjetne inteligencije; IoT\/roboti\u010dka radionica za prakti\u010dno kori\u0161tenje IoT i robotske opreme, testiranje i razvoj sustava; u\u010dionica za razvoj ra\u010dunalnih igara s radnim stanicama i softverom za potrebe svih segmenata razvoja igara uz 3D printer i 3D skener te filmski i fotografski studio s profesionalnim kamerama, rasvjetom, pozadinama, uz tonski i grafi\u010dki studio i projekcijsku dvoranu.<\/p>\n<p>U prostoru Energane bit \u0107e smje\u0161ten i Data Centar, podatkovni centar koji \u0107e nuditi usluge pohrane podataka korisnicima inkubatora, kao i zainteresiranim gospodarskim subjektima.<\/p>\n<p>Inkubator \u0107e korisnicima pru\u017eati usluge inkubacije koje podrazumijevaju osiguranje radnog prostora i opreme, prate\u0107u infrastrukturu, mentorstva, umre\u017eavanje i me\u0111unarodnu suradnju; edukacijske usluge i aktivnosti u vidu organizacije radionica, seminara, treninga, konferencija, meetup-ova i panela; najam prostora i opreme; savjetodavne usluge na tr\u017ei\u0161tu poput izrade poslovnih planova, analiza, studija, i podr\u0161ke kod prijave EU projekata, usluge podr\u0161ke internacionalizaciji odnosno program akceleracije, promotivne aktivnosti, istra\u017eivanje stranih tr\u017ei\u0161ta, organizacija B2B \u00a0programa i sajmova, kao i pravne usluge.<\/p>\n<p>Energana \u0107e se u budu\u0107nosti pozicionirati kao inovacijski Hub \u2013 centar za razvoj i demonstraciju proizvoda i usluga baziranih na IT i kreativnim tehnologijama, \u0161to \u0107e utjecati na porast konkurentnosti subjekata lokalnog gospodarstva.<\/p>\n<p>Rijeka se kroz izgradnju Inkubatora Energana opredijelila za ulaganje u razvoj IT i kreativnih\u00a0 industrija, koje su prepoznati kao industrije budu\u0107nosti, a \u010dije se prednosti o\u010dituju u broju radnih mjesta koja generiraju, iznadprosje\u010dnim pla\u0107ama, pozitivnom doprinosu dru\u0161tvenom brutoproizvodu te visokoj razini tehnolo\u0161kih kompetencija i razvojno-istra\u017eiva\u010dkog potencijala.<\/p>\n<p>&nbsp;<\/p>\n<p><em>Izvor: <a href=\"http:\/\/www.rijeka.hr\" target=\"_blank\" rel=\"noopener\">www.rijeka.hr<\/a><\/em><\/p>\n<\/div>","protected":false},"excerpt":{"rendered":"<p>U prostoru Rihuba odr\u017eana je po\u010detna konferencija projekta te potpisan ugovor za izvo\u0111enje gra\u0111evinskih radova na rekonstrukciji i prenamijeni zgrade Energane u inkubator za kreativne tehnologije i IT industriju. Glavni cilj EU projekta\u00a0Energana \u2013 Inkubator za kreativne tehnologije i IT industriju\u00a0je ja\u010danje konkurentnosti i poticanje rasta i razvoja novoosnovanih i postoje\u0107ih malih i srednjih poduze\u0107a [&hellip;]<\/p>","protected":false},"author":1,"featured_media":5783,"comment_status":"open","ping_status":"open","sticky":false,"template":"","format":"standard","meta":{"_acf_changed":false,"inline_featured_image":false,"footnotes":""},"categories":[21],"tags":[],"class_list":["post-5782","post","type-post","status-publish","format-standard","has-post-thumbnail","hentry","category-ostalo"],"acf":[],"yoast_head":"<!-- This site is optimized with the Yoast SEO plugin v26.9 - https:\/\/yoast.com\/product\/yoast-seo-wordpress\/ -->\n<title>Potpisan ugovor o izvo\u0111enju radova na rekonstrukciji i prenamjeni zgrade Energane u inkubator za kreativne tehnologije i IT industriju - Sinergana<\/title>\n<meta name=\"robots\" content=\"index, follow, max-snippet:-1, max-image-preview:large, max-video-preview:-1\" \/>\n<link rel=\"canonical\" href=\"https:\/\/sinergana.hr\/en\/potpisan-ugovor-o-izvodenju-radova-na-rekonstrukciji-i-prenamjeni-zgrade-energane-u-inkubator-za-kreativne-tehnologije-i-it-industriju\/\" \/>\n<meta property=\"og:locale\" content=\"en_GB\" \/>\n<meta property=\"og:type\" content=\"article\" \/>\n<meta property=\"og:title\" content=\"Potpisan ugovor o izvo\u0111enju radova na rekonstrukciji i prenamjeni zgrade Energane u inkubator za kreativne tehnologije i IT industriju - Sinergana\" \/>\n<meta property=\"og:description\" content=\"U prostoru Rihuba odr\u017eana je po\u010detna konferencija projekta te potpisan ugovor za izvo\u0111enje gra\u0111evinskih radova na rekonstrukciji i prenamijeni zgrade Energane u inkubator za kreativne tehnologije i IT industriju. Glavni cilj EU projekta\u00a0Energana \u2013 Inkubator za kreativne tehnologije i IT industriju\u00a0je ja\u010danje konkurentnosti i poticanje rasta i razvoja novoosnovanih i postoje\u0107ih malih i srednjih poduze\u0107a [&hellip;]\" \/>\n<meta property=\"og:url\" content=\"https:\/\/sinergana.hr\/en\/potpisan-ugovor-o-izvodenju-radova-na-rekonstrukciji-i-prenamjeni-zgrade-energane-u-inkubator-za-kreativne-tehnologije-i-it-industriju\/\" \/>\n<meta property=\"og:site_name\" content=\"Sinergana\" \/>\n<meta property=\"article:published_time\" content=\"2023-06-15T13:09:02+00:00\" \/>\n<meta property=\"article:modified_time\" content=\"2024-03-20T14:59:53+00:00\" \/>\n<meta property=\"og:image\" content=\"https:\/\/sinergana.hr\/wp-content\/uploads\/2023\/06\/Pocetna-konferencija-projekta-i-potpisivanje-ugovora-o-izvodenju-gradevinskih-radova-na-r-3.jpg\" \/>\n\t<meta property=\"og:image:width\" content=\"1024\" \/>\n\t<meta property=\"og:image:height\" content=\"682\" \/>\n\t<meta property=\"og:image:type\" content=\"image\/jpeg\" \/>\n<meta name=\"author\" content=\"admPr0s\" \/>\n<meta name=\"twitter:card\" content=\"summary_large_image\" \/>\n<meta name=\"twitter:label1\" content=\"Written by\" \/>\n\t<meta name=\"twitter:data1\" content=\"admPr0s\" \/>\n\t<meta name=\"twitter:label2\" content=\"Estimated reading time\" \/>\n\t<meta name=\"twitter:data2\" content=\"6 minutes\" \/>\n<script type=\"application\/ld+json\" class=\"yoast-schema-graph\">{\"@context\":\"https:\/\/schema.org\",\"@graph\":[{\"@type\":\"Article\",\"@id\":\"https:\/\/sinergana.hr\/potpisan-ugovor-o-izvodenju-radova-na-rekonstrukciji-i-prenamjeni-zgrade-energane-u-inkubator-za-kreativne-tehnologije-i-it-industriju\/#article\",\"isPartOf\":{\"@id\":\"https:\/\/sinergana.hr\/potpisan-ugovor-o-izvodenju-radova-na-rekonstrukciji-i-prenamjeni-zgrade-energane-u-inkubator-za-kreativne-tehnologije-i-it-industriju\/\"},\"author\":{\"name\":\"admPr0s\",\"@id\":\"https:\/\/sinergana.hr\/#\/schema\/person\/89e3cda2a8623f12f86343d697944712\"},\"headline\":\"Potpisan ugovor o izvo\u0111enju radova na rekonstrukciji i prenamjeni zgrade Energane u inkubator za kreativne tehnologije i IT industriju\",\"datePublished\":\"2023-06-15T13:09:02+00:00\",\"dateModified\":\"2024-03-20T14:59:53+00:00\",\"mainEntityOfPage\":{\"@id\":\"https:\/\/sinergana.hr\/potpisan-ugovor-o-izvodenju-radova-na-rekonstrukciji-i-prenamjeni-zgrade-energane-u-inkubator-za-kreativne-tehnologije-i-it-industriju\/\"},\"wordCount\":1027,\"commentCount\":0,\"publisher\":{\"@id\":\"https:\/\/sinergana.hr\/#organization\"},\"image\":{\"@id\":\"https:\/\/sinergana.hr\/potpisan-ugovor-o-izvodenju-radova-na-rekonstrukciji-i-prenamjeni-zgrade-energane-u-inkubator-za-kreativne-tehnologije-i-it-industriju\/#primaryimage\"},\"thumbnailUrl\":\"https:\/\/sinergana.hr\/wp-content\/uploads\/2023\/06\/Pocetna-konferencija-projekta-i-potpisivanje-ugovora-o-izvodenju-gradevinskih-radova-na-r-3.jpg\",\"articleSection\":[\"Ostalo\"],\"inLanguage\":\"en-GB\"},{\"@type\":\"WebPage\",\"@id\":\"https:\/\/sinergana.hr\/potpisan-ugovor-o-izvodenju-radova-na-rekonstrukciji-i-prenamjeni-zgrade-energane-u-inkubator-za-kreativne-tehnologije-i-it-industriju\/\",\"url\":\"https:\/\/sinergana.hr\/potpisan-ugovor-o-izvodenju-radova-na-rekonstrukciji-i-prenamjeni-zgrade-energane-u-inkubator-za-kreativne-tehnologije-i-it-industriju\/\",\"name\":\"Potpisan ugovor o izvo\u0111enju radova na rekonstrukciji i prenamjeni zgrade Energane u inkubator za kreativne tehnologije i IT industriju - Sinergana\",\"isPartOf\":{\"@id\":\"https:\/\/sinergana.hr\/#website\"},\"primaryImageOfPage\":{\"@id\":\"https:\/\/sinergana.hr\/potpisan-ugovor-o-izvodenju-radova-na-rekonstrukciji-i-prenamjeni-zgrade-energane-u-inkubator-za-kreativne-tehnologije-i-it-industriju\/#primaryimage\"},\"image\":{\"@id\":\"https:\/\/sinergana.hr\/potpisan-ugovor-o-izvodenju-radova-na-rekonstrukciji-i-prenamjeni-zgrade-energane-u-inkubator-za-kreativne-tehnologije-i-it-industriju\/#primaryimage\"},\"thumbnailUrl\":\"https:\/\/sinergana.hr\/wp-content\/uploads\/2023\/06\/Pocetna-konferencija-projekta-i-potpisivanje-ugovora-o-izvodenju-gradevinskih-radova-na-r-3.jpg\",\"datePublished\":\"2023-06-15T13:09:02+00:00\",\"dateModified\":\"2024-03-20T14:59:53+00:00\",\"breadcrumb\":{\"@id\":\"https:\/\/sinergana.hr\/potpisan-ugovor-o-izvodenju-radova-na-rekonstrukciji-i-prenamjeni-zgrade-energane-u-inkubator-za-kreativne-tehnologije-i-it-industriju\/#breadcrumb\"},\"inLanguage\":\"en-GB\",\"potentialAction\":[{\"@type\":\"ReadAction\",\"target\":[\"https:\/\/sinergana.hr\/potpisan-ugovor-o-izvodenju-radova-na-rekonstrukciji-i-prenamjeni-zgrade-energane-u-inkubator-za-kreativne-tehnologije-i-it-industriju\/\"]}]},{\"@type\":\"ImageObject\",\"inLanguage\":\"en-GB\",\"@id\":\"https:\/\/sinergana.hr\/potpisan-ugovor-o-izvodenju-radova-na-rekonstrukciji-i-prenamjeni-zgrade-energane-u-inkubator-za-kreativne-tehnologije-i-it-industriju\/#primaryimage\",\"url\":\"https:\/\/sinergana.hr\/wp-content\/uploads\/2023\/06\/Pocetna-konferencija-projekta-i-potpisivanje-ugovora-o-izvodenju-gradevinskih-radova-na-r-3.jpg\",\"contentUrl\":\"https:\/\/sinergana.hr\/wp-content\/uploads\/2023\/06\/Pocetna-konferencija-projekta-i-potpisivanje-ugovora-o-izvodenju-gradevinskih-radova-na-r-3.jpg\",\"width\":1024,\"height\":682},{\"@type\":\"BreadcrumbList\",\"@id\":\"https:\/\/sinergana.hr\/potpisan-ugovor-o-izvodenju-radova-na-rekonstrukciji-i-prenamjeni-zgrade-energane-u-inkubator-za-kreativne-tehnologije-i-it-industriju\/#breadcrumb\",\"itemListElement\":[{\"@type\":\"ListItem\",\"position\":1,\"name\":\"Po\u010detna stranica\",\"item\":\"https:\/\/sinergana.hr\/\"},{\"@type\":\"ListItem\",\"position\":2,\"name\":\"Potpisan ugovor o izvo\u0111enju radova na rekonstrukciji i prenamjeni zgrade Energane u inkubator za kreativne tehnologije i IT industriju\"}]},{\"@type\":\"WebSite\",\"@id\":\"https:\/\/sinergana.hr\/#website\",\"url\":\"https:\/\/sinergana.hr\/\",\"name\":\"Sinergana\",\"description\":\"Inkubator za kreativne tehnologije i IT industriju\",\"publisher\":{\"@id\":\"https:\/\/sinergana.hr\/#organization\"},\"potentialAction\":[{\"@type\":\"SearchAction\",\"target\":{\"@type\":\"EntryPoint\",\"urlTemplate\":\"https:\/\/sinergana.hr\/?s={search_term_string}\"},\"query-input\":{\"@type\":\"PropertyValueSpecification\",\"valueRequired\":true,\"valueName\":\"search_term_string\"}}],\"inLanguage\":\"en-GB\"},{\"@type\":\"Organization\",\"@id\":\"https:\/\/sinergana.hr\/#organization\",\"name\":\"Sinergana\",\"url\":\"https:\/\/sinergana.hr\/\",\"logo\":{\"@type\":\"ImageObject\",\"inLanguage\":\"en-GB\",\"@id\":\"https:\/\/sinergana.hr\/#\/schema\/logo\/image\/\",\"url\":\"https:\/\/sinergana.hr\/wp-content\/uploads\/2023\/04\/logo-sinergana.svg\",\"contentUrl\":\"https:\/\/sinergana.hr\/wp-content\/uploads\/2023\/04\/logo-sinergana.svg\",\"width\":231,\"height\":88,\"caption\":\"Sinergana\"},\"image\":{\"@id\":\"https:\/\/sinergana.hr\/#\/schema\/logo\/image\/\"}},{\"@type\":\"Person\",\"@id\":\"https:\/\/sinergana.hr\/#\/schema\/person\/89e3cda2a8623f12f86343d697944712\",\"name\":\"admPr0s\",\"image\":{\"@type\":\"ImageObject\",\"inLanguage\":\"en-GB\",\"@id\":\"https:\/\/sinergana.hr\/#\/schema\/person\/image\/\",\"url\":\"https:\/\/secure.gravatar.com\/avatar\/a4b21b8d76c1356d14f0b96ca0946cf2ff84e24a19d611e48b227628c25dfc55?s=96&d=mm&r=g\",\"contentUrl\":\"https:\/\/secure.gravatar.com\/avatar\/a4b21b8d76c1356d14f0b96ca0946cf2ff84e24a19d611e48b227628c25dfc55?s=96&d=mm&r=g\",\"caption\":\"admPr0s\"},\"sameAs\":[\"https:\/\/sinergana.hr\"],\"url\":\"https:\/\/sinergana.hr\/en\/author\/admpr0s\/\"}]}<\/script>\n<!-- \/ Yoast SEO plugin. -->","yoast_head_json":{"title":"Potpisan ugovor o izvo\u0111enju radova na rekonstrukciji i prenamjeni zgrade Energane u inkubator za kreativne tehnologije i IT industriju - Sinergana","robots":{"index":"index","follow":"follow","max-snippet":"max-snippet:-1","max-image-preview":"max-image-preview:large","max-video-preview":"max-video-preview:-1"},"canonical":"https:\/\/sinergana.hr\/en\/potpisan-ugovor-o-izvodenju-radova-na-rekonstrukciji-i-prenamjeni-zgrade-energane-u-inkubator-za-kreativne-tehnologije-i-it-industriju\/","og_locale":"en_GB","og_type":"article","og_title":"Potpisan ugovor o izvo\u0111enju radova na rekonstrukciji i prenamjeni zgrade Energane u inkubator za kreativne tehnologije i IT industriju - Sinergana","og_description":"U prostoru Rihuba odr\u017eana je po\u010detna konferencija projekta te potpisan ugovor za izvo\u0111enje gra\u0111evinskih radova na rekonstrukciji i prenamijeni zgrade Energane u inkubator za kreativne tehnologije i IT industriju. Glavni cilj EU projekta\u00a0Energana \u2013 Inkubator za kreativne tehnologije i IT industriju\u00a0je ja\u010danje konkurentnosti i poticanje rasta i razvoja novoosnovanih i postoje\u0107ih malih i srednjih poduze\u0107a [&hellip;]","og_url":"https:\/\/sinergana.hr\/en\/potpisan-ugovor-o-izvodenju-radova-na-rekonstrukciji-i-prenamjeni-zgrade-energane-u-inkubator-za-kreativne-tehnologije-i-it-industriju\/","og_site_name":"Sinergana","article_published_time":"2023-06-15T13:09:02+00:00","article_modified_time":"2024-03-20T14:59:53+00:00","og_image":[{"width":1024,"height":682,"url":"https:\/\/sinergana.hr\/wp-content\/uploads\/2023\/06\/Pocetna-konferencija-projekta-i-potpisivanje-ugovora-o-izvodenju-gradevinskih-radova-na-r-3.jpg","type":"image\/jpeg"}],"author":"admPr0s","twitter_card":"summary_large_image","twitter_misc":{"Written by":"admPr0s","Estimated reading time":"6 minutes"},"schema":{"@context":"https:\/\/schema.org","@graph":[{"@type":"Article","@id":"https:\/\/sinergana.hr\/potpisan-ugovor-o-izvodenju-radova-na-rekonstrukciji-i-prenamjeni-zgrade-energane-u-inkubator-za-kreativne-tehnologije-i-it-industriju\/#article","isPartOf":{"@id":"https:\/\/sinergana.hr\/potpisan-ugovor-o-izvodenju-radova-na-rekonstrukciji-i-prenamjeni-zgrade-energane-u-inkubator-za-kreativne-tehnologije-i-it-industriju\/"},"author":{"name":"admPr0s","@id":"https:\/\/sinergana.hr\/#\/schema\/person\/89e3cda2a8623f12f86343d697944712"},"headline":"Potpisan ugovor o izvo\u0111enju radova na rekonstrukciji i prenamjeni zgrade Energane u inkubator za kreativne tehnologije i IT industriju","datePublished":"2023-06-15T13:09:02+00:00","dateModified":"2024-03-20T14:59:53+00:00","mainEntityOfPage":{"@id":"https:\/\/sinergana.hr\/potpisan-ugovor-o-izvodenju-radova-na-rekonstrukciji-i-prenamjeni-zgrade-energane-u-inkubator-za-kreativne-tehnologije-i-it-industriju\/"},"wordCount":1027,"commentCount":0,"publisher":{"@id":"https:\/\/sinergana.hr\/#organization"},"image":{"@id":"https:\/\/sinergana.hr\/potpisan-ugovor-o-izvodenju-radova-na-rekonstrukciji-i-prenamjeni-zgrade-energane-u-inkubator-za-kreativne-tehnologije-i-it-industriju\/#primaryimage"},"thumbnailUrl":"https:\/\/sinergana.hr\/wp-content\/uploads\/2023\/06\/Pocetna-konferencija-projekta-i-potpisivanje-ugovora-o-izvodenju-gradevinskih-radova-na-r-3.jpg","articleSection":["Ostalo"],"inLanguage":"en-GB"},{"@type":"WebPage","@id":"https:\/\/sinergana.hr\/potpisan-ugovor-o-izvodenju-radova-na-rekonstrukciji-i-prenamjeni-zgrade-energane-u-inkubator-za-kreativne-tehnologije-i-it-industriju\/","url":"https:\/\/sinergana.hr\/potpisan-ugovor-o-izvodenju-radova-na-rekonstrukciji-i-prenamjeni-zgrade-energane-u-inkubator-za-kreativne-tehnologije-i-it-industriju\/","name":"Potpisan ugovor o izvo\u0111enju radova na rekonstrukciji i prenamjeni zgrade Energane u inkubator za kreativne tehnologije i IT industriju - Sinergana","isPartOf":{"@id":"https:\/\/sinergana.hr\/#website"},"primaryImageOfPage":{"@id":"https:\/\/sinergana.hr\/potpisan-ugovor-o-izvodenju-radova-na-rekonstrukciji-i-prenamjeni-zgrade-energane-u-inkubator-za-kreativne-tehnologije-i-it-industriju\/#primaryimage"},"image":{"@id":"https:\/\/sinergana.hr\/potpisan-ugovor-o-izvodenju-radova-na-rekonstrukciji-i-prenamjeni-zgrade-energane-u-inkubator-za-kreativne-tehnologije-i-it-industriju\/#primaryimage"},"thumbnailUrl":"https:\/\/sinergana.hr\/wp-content\/uploads\/2023\/06\/Pocetna-konferencija-projekta-i-potpisivanje-ugovora-o-izvodenju-gradevinskih-radova-na-r-3.jpg","datePublished":"2023-06-15T13:09:02+00:00","dateModified":"2024-03-20T14:59:53+00:00","breadcrumb":{"@id":"https:\/\/sinergana.hr\/potpisan-ugovor-o-izvodenju-radova-na-rekonstrukciji-i-prenamjeni-zgrade-energane-u-inkubator-za-kreativne-tehnologije-i-it-industriju\/#breadcrumb"},"inLanguage":"en-GB","potentialAction":[{"@type":"ReadAction","target":["https:\/\/sinergana.hr\/potpisan-ugovor-o-izvodenju-radova-na-rekonstrukciji-i-prenamjeni-zgrade-energane-u-inkubator-za-kreativne-tehnologije-i-it-industriju\/"]}]},{"@type":"ImageObject","inLanguage":"en-GB","@id":"https:\/\/sinergana.hr\/potpisan-ugovor-o-izvodenju-radova-na-rekonstrukciji-i-prenamjeni-zgrade-energane-u-inkubator-za-kreativne-tehnologije-i-it-industriju\/#primaryimage","url":"https:\/\/sinergana.hr\/wp-content\/uploads\/2023\/06\/Pocetna-konferencija-projekta-i-potpisivanje-ugovora-o-izvodenju-gradevinskih-radova-na-r-3.jpg","contentUrl":"https:\/\/sinergana.hr\/wp-content\/uploads\/2023\/06\/Pocetna-konferencija-projekta-i-potpisivanje-ugovora-o-izvodenju-gradevinskih-radova-na-r-3.jpg","width":1024,"height":682},{"@type":"BreadcrumbList","@id":"https:\/\/sinergana.hr\/potpisan-ugovor-o-izvodenju-radova-na-rekonstrukciji-i-prenamjeni-zgrade-energane-u-inkubator-za-kreativne-tehnologije-i-it-industriju\/#breadcrumb","itemListElement":[{"@type":"ListItem","position":1,"name":"Po\u010detna stranica","item":"https:\/\/sinergana.hr\/"},{"@type":"ListItem","position":2,"name":"Potpisan ugovor o izvo\u0111enju radova na rekonstrukciji i prenamjeni zgrade Energane u inkubator za kreativne tehnologije i IT industriju"}]},{"@type":"WebSite","@id":"https:\/\/sinergana.hr\/#website","url":"https:\/\/sinergana.hr\/","name":"Sinergana","description":"Creative Technologies and IT Industry Incubator","publisher":{"@id":"https:\/\/sinergana.hr\/#organization"},"potentialAction":[{"@type":"SearchAction","target":{"@type":"EntryPoint","urlTemplate":"https:\/\/sinergana.hr\/?s={search_term_string}"},"query-input":{"@type":"PropertyValueSpecification","valueRequired":true,"valueName":"search_term_string"}}],"inLanguage":"en-GB"},{"@type":"Organization","@id":"https:\/\/sinergana.hr\/#organization","name":"Sinergana","url":"https:\/\/sinergana.hr\/","logo":{"@type":"ImageObject","inLanguage":"en-GB","@id":"https:\/\/sinergana.hr\/#\/schema\/logo\/image\/","url":"https:\/\/sinergana.hr\/wp-content\/uploads\/2023\/04\/logo-sinergana.svg","contentUrl":"https:\/\/sinergana.hr\/wp-content\/uploads\/2023\/04\/logo-sinergana.svg","width":231,"height":88,"caption":"Sinergana"},"image":{"@id":"https:\/\/sinergana.hr\/#\/schema\/logo\/image\/"}},{"@type":"Person","@id":"https:\/\/sinergana.hr\/#\/schema\/person\/89e3cda2a8623f12f86343d697944712","name":"admPr0s","image":{"@type":"ImageObject","inLanguage":"en-GB","@id":"https:\/\/sinergana.hr\/#\/schema\/person\/image\/","url":"https:\/\/secure.gravatar.com\/avatar\/a4b21b8d76c1356d14f0b96ca0946cf2ff84e24a19d611e48b227628c25dfc55?s=96&d=mm&r=g","contentUrl":"https:\/\/secure.gravatar.com\/avatar\/a4b21b8d76c1356d14f0b96ca0946cf2ff84e24a19d611e48b227628c25dfc55?s=96&d=mm&r=g","caption":"admPr0s"},"sameAs":["https:\/\/sinergana.hr"],"url":"https:\/\/sinergana.hr\/en\/author\/admpr0s\/"}]}},"_links":{"self":[{"href":"https:\/\/sinergana.hr\/en\/wp-json\/wp\/v2\/posts\/5782","targetHints":{"allow":["GET"]}}],"collection":[{"href":"https:\/\/sinergana.hr\/en\/wp-json\/wp\/v2\/posts"}],"about":[{"href":"https:\/\/sinergana.hr\/en\/wp-json\/wp\/v2\/types\/post"}],"author":[{"embeddable":true,"href":"https:\/\/sinergana.hr\/en\/wp-json\/wp\/v2\/users\/1"}],"replies":[{"embeddable":true,"href":"https:\/\/sinergana.hr\/en\/wp-json\/wp\/v2\/comments?post=5782"}],"version-history":[{"count":5,"href":"https:\/\/sinergana.hr\/en\/wp-json\/wp\/v2\/posts\/5782\/revisions"}],"predecessor-version":[{"id":5888,"href":"https:\/\/sinergana.hr\/en\/wp-json\/wp\/v2\/posts\/5782\/revisions\/5888"}],"wp:featuredmedia":[{"embeddable":true,"href":"https:\/\/sinergana.hr\/en\/wp-json\/wp\/v2\/media\/5783"}],"wp:attachment":[{"href":"https:\/\/sinergana.hr\/en\/wp-json\/wp\/v2\/media?parent=5782"}],"wp:term":[{"taxonomy":"category","embeddable":true,"href":"https:\/\/sinergana.hr\/en\/wp-json\/wp\/v2\/categories?post=5782"},{"taxonomy":"post_tag","embeddable":true,"href":"https:\/\/sinergana.hr\/en\/wp-json\/wp\/v2\/tags?post=5782"}],"curies":[{"name":"wp","href":"https:\/\/api.w.org\/{rel}","templated":true}]}}