{"id":5788,"date":"2023-06-15T15:12:18","date_gmt":"2023-06-15T13:12:18","guid":{"rendered":"https:\/\/sinergana.hr\/?p=5788"},"modified":"2024-03-20T15:59:21","modified_gmt":"2024-03-20T14:59:21","slug":"konferencija-projekti-itu-mehanizma-za-poduzetnike-djecu-i-mlade-u-urbanoj-aglomeraciji-rijeka","status":"publish","type":"post","link":"https:\/\/sinergana.hr\/en\/konferencija-projekti-itu-mehanizma-za-poduzetnike-djecu-i-mlade-u-urbanoj-aglomeraciji-rijeka\/","title":{"rendered":"Konferencija \u201eProjekti ITU mehanizma za poduzetnike, djecu i mlade u Urbanoj aglomeraciji Rijeka\u201c"},"content":{"rendered":"<div class=\"summary\">\n<p>Kroz ITU mehanizam 2014.-2020. ugovorena su 24 projekta na podru\u010dju Urbane aglomeracije Rijeka ukupne vrijednosti ve\u0107e od 573 milijuna kuna, \u010dija je realizacija u tijeku, uz odobreno sufinanciranje bespovratnim sredstvima u iznosu ve\u0107em od 350 milijuna kuna.<\/p>\n<\/div>\n<div class=\"user-content\">\n<p>Predstavnici op\u0107ina i gradova \u010dlanica Urbane aglomeracije Rijeka na konferenciji \u201eProjekti ITU mehanizama za poduzetnike, djecu i mlade u Urbanoj aglomeraciji Rijeka\u201c predstavili su projekte financirane sredstvima europskih fondova kroz Mehanizam integriranih teritorijalnih ulaganja (ITU mehanizam) u financijskom razdoblju 2014.-2020.<\/p>\n<div id=\"attachment_192989\" class=\"wp-caption wp-image-192989 size-medium alignnone\">\n<p><a title=\"\" role=\"link\" href=\"https:\/\/www.rijeka.hr\/wp-content\/uploads\/2022\/09\/Konferencija-Projekti-ITU-mehanizma-za-poduzetnike-djecu-i-mlade-u-urbanoj-aglomeraciji-Rijeka-6.jpg\" data-rel=\"lightbox-0\"><img fetchpriority=\"high\" decoding=\"async\" class=\"alignnone wp-image-192989 size-medium\" src=\"https:\/\/www.rijeka.hr\/wp-content\/uploads\/2022\/09\/Konferencija-Projekti-ITU-mehanizma-za-poduzetnike-djecu-i-mlade-u-urbanoj-aglomeraciji-Rijeka-6-600x400.jpg\" sizes=\"(max-width: 600px) 100vw, 600px\" srcset=\"https:\/\/www.rijeka.hr\/wp-content\/uploads\/2022\/09\/Konferencija-Projekti-ITU-mehanizma-za-poduzetnike-djecu-i-mlade-u-urbanoj-aglomeraciji-Rijeka-6-600x400.jpg 600w, https:\/\/www.rijeka.hr\/wp-content\/uploads\/2022\/09\/Konferencija-Projekti-ITU-mehanizma-za-poduzetnike-djecu-i-mlade-u-urbanoj-aglomeraciji-Rijeka-6-901x600.jpg 901w, https:\/\/www.rijeka.hr\/wp-content\/uploads\/2022\/09\/Konferencija-Projekti-ITU-mehanizma-za-poduzetnike-djecu-i-mlade-u-urbanoj-aglomeraciji-Rijeka-6.jpg 1024w\" alt=\"Konferencija Projekti ITU mehanizma za poduzetnike, djecu i mlade u urbanoj aglomeraciji Rijeka\" width=\"600\" height=\"399\" \/><\/a><\/p>\n<p class=\"wp-caption-text\">SUDIONICIMA KONFERENCIJE UVODNO SE OBRATIO RIJE\u010cKI GRADONA\u010cELNIK MARKO FILIPOVI\u0106<\/p>\n<\/div>\n<p>Pro\u010delnik Odjela za kulturu Grada Rijeke Ivan \u0160arar i suradnik za marketing i projekte Gradske knji\u017enice Rijeka Kristian Beni\u0107 predstavili su\u00a0kompleks Rikard Ben\u010di\u0107 i Dje\u010dju ku\u0107u\u00a0u kojoj je konferencija i odr\u017eana, a pro\u010delnica Odjela za poduzetni\u0161tvo Grada Rijeke Jana Serti\u0107 predstavila je projekt\u00a0Inkubator za kreativne tehnologije i IT industriju \u2013 Energana. U nastavku konferencije\u00a0Poduzetni\u010dki inkubator Grada Opatije \u2013 HUBBAZIA\u00a0predstavio je voditelj inkubatora Tomislav Lesinger, a\u00a0Kastav Smart Start \u2013 Poduzetni\u010dki inkubator KASPI\u00a0predstaviti su pro\u010delnik Upravnog odjela za financije i razvoj Grada Kastva Kre\u0161imir Vidovi\u0107 i voditeljica inkubatora Matea Cavri\u0107. Voditeljica odsjeka ureda na\u010delnice Op\u0107ine Vi\u0161kovo Irena Gau\u0161 i voditeljica projekta Jasminka \u0160timac predstavile su projekt\u00a0\u201eZa sretnije djetinjstvo\u201c, dok je ravnateljica Centra kulture Kostrena Borka Reljac predstavila projekt\u00a0\u201eStori po svoju\u201c.<\/p>\n<p>Urbana Aglomeracija Rijeka osnovana je 2015. godine, a u njen sastav u\u0161lo je 10\u00a0 gradova i op\u0107ina: Rijeka, Kastav, Kraljevica, Opatija, \u010cavle, Klana, Kostrena, Lovran, Mo\u0161\u0107eni\u010dka Draga i Vi\u0161kovo.<\/p>\n<p>Glavni cilj osnivanja Urbane aglomeracije bilo je kori\u0161tenje sredstava europskih fondova kroz Mehanizam integriranih teritorijalnih ulaganja (ITU) koji je Europska unija uvela s ciljem ja\u010danja uloge gradova kao pokreta\u010da gospodarskog razvoja.<\/p>\n<p>Nakon pro\u0161irenja u prosincu 2021. godine, Urbanoj aglomeraciji Rijeka pridru\u017eili su se Bakar, Matulji, Jelenje i Omi\u0161alj te tako u novom financijskom razdoblju od 2021. do 2027. godine Urbanu aglomeraciju Rijeka \u010dini ukupno 14 jedinica lokalne samouprave.<\/p>\n<div id=\"attachment_192992\" class=\"wp-caption wp-image-192992 size-medium alignnone\">\n<p><a title=\"\" role=\"link\" href=\"https:\/\/www.rijeka.hr\/wp-content\/uploads\/2022\/09\/Konferencija-Projekti-ITU-mehanizma-za-poduzetnike-djecu-i-mlade-u-urbanoj-aglomeraciji-Rijeka-16.jpg\" data-rel=\"lightbox-1\"><img decoding=\"async\" class=\"wp-image-192992 size-medium\" src=\"https:\/\/www.rijeka.hr\/wp-content\/uploads\/2022\/09\/Konferencija-Projekti-ITU-mehanizma-za-poduzetnike-djecu-i-mlade-u-urbanoj-aglomeraciji-Rijeka-16-600x400.jpg\" sizes=\"(max-width: 600px) 100vw, 600px\" srcset=\"https:\/\/www.rijeka.hr\/wp-content\/uploads\/2022\/09\/Konferencija-Projekti-ITU-mehanizma-za-poduzetnike-djecu-i-mlade-u-urbanoj-aglomeraciji-Rijeka-16-600x400.jpg 600w, https:\/\/www.rijeka.hr\/wp-content\/uploads\/2022\/09\/Konferencija-Projekti-ITU-mehanizma-za-poduzetnike-djecu-i-mlade-u-urbanoj-aglomeraciji-Rijeka-16-901x600.jpg 901w, https:\/\/www.rijeka.hr\/wp-content\/uploads\/2022\/09\/Konferencija-Projekti-ITU-mehanizma-za-poduzetnike-djecu-i-mlade-u-urbanoj-aglomeraciji-Rijeka-16.jpg 1024w\" alt=\"Konferencija Projekti ITU mehanizma za poduzetnike, djecu i mlade u urbanoj aglomeraciji Rijeka\" width=\"600\" height=\"400\" \/><\/a><\/p>\n<p class=\"wp-caption-text\">ME\u0110U OSTALIMA PREDSTAVLJEN JE I PROJEKT REVITALIZACIJA KOMPLEKSA BEN\u010cI\u0106 \u2013 CIGLENI I T-OBJEKT<\/p>\n<\/div>\n<p>Sudionike konferencije uvodno je pozdravio rije\u010dki gradona\u010delnik Marko Filipovi\u0107 rekav\u0161i kako o uspje\u0161nosti Urbane aglomeracije Rijeka govori i \u010dinjenica kako se ona s vremenom pove\u0107ala za jo\u0161 \u010detiri \u010dlana. \u201eNabavka novih autobusa, mnogobrojni projekti iz sektora kulture kao i oni koji kulturu valoriziraju iz aspekta turizma i pove\u0107avanja vidljivosti na\u0161e regije na podru\u010dju Hrvatske i Europe samo su neki od projekata realiziranih u proteklom razdoblju, a svi oni doprinose boljem \u017eivotu na\u0161ih sugra\u0111ana\u201c, rekao je Filipovi\u0107. Dodao je i kako su na dinamiku realizacije odre\u0111enih projekata utjecala i doga\u0111anja u svijetu poput pandemije korona virusa i rata u Ukrajini posljedica \u010dega je bilo i poskupljenje radova i gra\u0111evinskog materijala.<\/p>\n<p>\u0160to se ti\u010de novog programskog razdoblja, gradona\u010delnik je istaknuo kako su op\u0107ine i gradovi prijavili puno projekata od kojih sada treba napraviti selekciju. \u201eDrago mi je \u0161to su s nama ovdje danas i predstavnici Ministarstva kako bismo svi zajedno raspravili o tome koji projekti \u0107e uop\u0107e mo\u0107i biti financirani EU sredstvima u novom razdoblju koje je pred nama\u201c, zaklju\u010dio je Filipovi\u0107 i dodao da \u0161to se Grada Rijeke ti\u010de da jo\u0161 valja procijeniti koji projekti \u0107e biti odabrani za prijavu.<\/p>\n<h2>U narednom ITU razdoblju vi\u0161e sredstava, ali i vi\u0161e gradova koji ih mogu koristiti<\/h2>\n<p>Sanja Rajakovi\u0107 Pedljo iz Ministarstva regionalnog razvoja i fondova Europske unije govorila je o provedbi ITU mehanizma u novoj financijskoj perspektivi Europske unije od 2021. do 2027. godine. Naglasila je kako Europska komisija u novom financijskom razdoblju stavlja jo\u0161 ve\u0107i naglasak na urbani razvoj.<\/p>\n<div id=\"attachment_192991\" class=\"wp-caption wp-image-192991 size-medium alignnone\">\n<p><a title=\"\" role=\"link\" href=\"https:\/\/www.rijeka.hr\/wp-content\/uploads\/2022\/09\/Konferencija-Projekti-ITU-mehanizma-za-poduzetnike-djecu-i-mlade-u-urbanoj-aglomeraciji-Rijeka-10.jpg\" data-rel=\"lightbox-2\"><img decoding=\"async\" class=\"wp-image-192991 size-medium\" src=\"https:\/\/www.rijeka.hr\/wp-content\/uploads\/2022\/09\/Konferencija-Projekti-ITU-mehanizma-za-poduzetnike-djecu-i-mlade-u-urbanoj-aglomeraciji-Rijeka-10-600x400.jpg\" sizes=\"(max-width: 600px) 100vw, 600px\" srcset=\"https:\/\/www.rijeka.hr\/wp-content\/uploads\/2022\/09\/Konferencija-Projekti-ITU-mehanizma-za-poduzetnike-djecu-i-mlade-u-urbanoj-aglomeraciji-Rijeka-10-600x400.jpg 600w, https:\/\/www.rijeka.hr\/wp-content\/uploads\/2022\/09\/Konferencija-Projekti-ITU-mehanizma-za-poduzetnike-djecu-i-mlade-u-urbanoj-aglomeraciji-Rijeka-10-901x600.jpg 901w, https:\/\/www.rijeka.hr\/wp-content\/uploads\/2022\/09\/Konferencija-Projekti-ITU-mehanizma-za-poduzetnike-djecu-i-mlade-u-urbanoj-aglomeraciji-Rijeka-10.jpg 1024w\" alt=\"Konferencija Projekti ITU mehanizma za poduzetnike, djecu i mlade u urbanoj aglomeraciji Rijeka\" width=\"600\" height=\"400\" \/><\/a><\/p>\n<p class=\"wp-caption-text\">MEHANIZME INTEGRIRANIH TERITORIJALNIH ULAGANJA ZA NOVO RAZDOBLJE PREDSTAVILA JE SANJA RAJAKOVI\u0106 PEDLJO IZ MINISTARSTVA REGIONALNOG RAZVOJA I FONDOSA EU<\/p>\n<\/div>\n<p>Odlukom Vlade RH o operativnim programima vezanim za kohezijsku politiku za financijsko razdoblje Europske unije 2021.-2027. u RH predlo\u017eeno je da se, uz operativne programe \u201eKonkurentnost i kohezija\u201c i \u201eU\u010dinkoviti ljudski potencijali\u201c ustroji i \u201eIntegrirani teritorijalni program\u201c.<br \/>\n\u201eSmatramo da bi ovakav pristup omogu\u0107io lak\u0161u i br\u017eu provedbu, kao i \u010dinjenica \u0161to manji broj ciljeva Europske unije automatski rezultira i ve\u0107oj mogu\u0107nosti alokacije sredstava i lak\u0161om mogu\u0107nosti postizanja integracije me\u0111u razli\u010ditim ciljevima i podru\u010djima\u201c, kazala je Rajakovi\u0107 Pedljo, nagla\u0161avaju\u0107i kako je za provedbu ITU mehanizma u novom razdoblju predlo\u017eeno osiguravanje oko 681 milijun eura, \u0161to je vi\u0161e sredstava nego u proteklom razdoblju.<\/p>\n<p>Sredstava \u0107e mo\u0107i koristiti vi\u0161e gradova: do sada je ITU mehanizam koristilo 8 gradova, dok \u0107e u novom programskom razdoblju ITU mehanizmom biti obuhva\u0107ene urbane aglomeracije koje su bile uklju\u010dene i u prethodnoj perspektivi te \u010dak 14 novih gradova koji su ujedno i sjedi\u0161ta \u017eupanija.<\/p>\n<p>Rajakovi\u0107 Pedljo naglasila je kako se o\u010dekuje skoro odobravanje Integriranog teritorijalnog programa od strane Europske komisije, a program u sebi sadr\u017eava \u010detiri klju\u010dna prioriteta. To su (1) Industrijska tranzicija hrvatskih regija, za koji je namijenjeno 30 milijuna eura, (2) Ja\u010danje zelenog, \u010distog, pametnog i odr\u017eivog gradskog prometa u okviru integriranog teritorijalnog ulaganja u gradovima, za koji je namijenjeno 141,6 milijuna eura, (3) Razvoj urbanih podru\u010dja kao pokreta\u010da regionalnog rasta i razvoja njihovih funkcionalnih podru\u010dja te razvoj odr\u017eivih i zelenih otoka, kojem je namijenjeno 509,6 milijuna eura, i (4) Pravedna tranzicija.<\/p>\n<p>Novitet novog programskog razdoblja je i podupiranje pilot-projekata, namijenjeno upravo ve\u0107im gradovima, a Rajakovi\u0107 Pedljo posebno se osvrnula na tre\u0107i prioritet, podru\u010dje za koje je u proteklom razdoblju vladao najve\u0107i interes urbanih aglomeracija. Pozvala je gradove da dobro pripreme projekte, kako bi \u0161to vi\u0161e odgovarali propisanim prioritetima i ciljevima, a za ostatak da prona\u0111u neke druge izvore financiranja.<br \/>\n\u201eU ovom prioritetnom podru\u010dju i dalje se nalazi kulturna ba\u0161tina. Upravo samo u Rijeci vidjeli prekrasan primjer kori\u0161tenje ITU sredstava upravo za ovo podru\u010dje. Mislim da Grad Rijeka mo\u017ee biti dobar primjer i svojim znanjem i iskustvom upravo na ovom podru\u010dju pomo\u0107i drugim gradovima. Upravo od \u2018starih\u201c gradova i o\u010dekujemo tu pomo\u0107 u prijenosu znanja i iskustava novim, \u0161to ve\u0107 dobro ide u ovim pripremnim fazama\u201c, kazala je Rajakovi\u0107 Pedljo.<\/p>\n<div id=\"attachment_192990\" class=\"wp-caption wp-image-192990 size-medium alignnone\">\n<p><a title=\"\" role=\"link\" href=\"https:\/\/www.rijeka.hr\/wp-content\/uploads\/2022\/09\/Konferencija-Projekti-ITU-mehanizma-za-poduzetnike-djecu-i-mlade-u-urbanoj-aglomeraciji-Rijeka-9.jpg\" data-rel=\"lightbox-3\"><img loading=\"lazy\" decoding=\"async\" class=\"wp-image-192990 size-medium\" src=\"https:\/\/www.rijeka.hr\/wp-content\/uploads\/2022\/09\/Konferencija-Projekti-ITU-mehanizma-za-poduzetnike-djecu-i-mlade-u-urbanoj-aglomeraciji-Rijeka-9-600x400.jpg\" sizes=\"(max-width: 600px) 100vw, 600px\" srcset=\"https:\/\/www.rijeka.hr\/wp-content\/uploads\/2022\/09\/Konferencija-Projekti-ITU-mehanizma-za-poduzetnike-djecu-i-mlade-u-urbanoj-aglomeraciji-Rijeka-9-600x400.jpg 600w, https:\/\/www.rijeka.hr\/wp-content\/uploads\/2022\/09\/Konferencija-Projekti-ITU-mehanizma-za-poduzetnike-djecu-i-mlade-u-urbanoj-aglomeraciji-Rijeka-9-901x600.jpg 901w, https:\/\/www.rijeka.hr\/wp-content\/uploads\/2022\/09\/Konferencija-Projekti-ITU-mehanizma-za-poduzetnike-djecu-i-mlade-u-urbanoj-aglomeraciji-Rijeka-9.jpg 1024w\" alt=\"Konferencija Projekti ITU mehanizma za poduzetnike, djecu i mlade u urbanoj aglomeraciji Rijeka\" width=\"600\" height=\"400\" \/><\/a><\/p>\n<p class=\"wp-caption-text\">KONFERENCIJI SU PRISUSTVOVALI PREDSTAVNICI JEDINICA LOKALNE SAMOUPRAVE \u010cLANOVA URBANE AGLOMERACIJE RIJEKA<\/p>\n<\/div>\n<p>Nakon \u0161to Europska komisija potvrdi Integrirani teritorijalni program, Ministarstvo regionalnog razvoja i fondova Europske unije \u0107e, kako se planira, u listopadu raspisati javni poziv za odabir podru\u010dja za provedbu mehanizma integriranih teritorijalnih ulaganja, kao prvi korak prema otvaranju javnih poziva za sufinanciranje konkretnih projekta. Jedan od uvjeta za javljanje na poziv je prijedlog strategije razvoja urbanog podru\u010dja, a svi gradovi planiraju njihovo dono\u0161enje do kraja ove godine.<\/p>\n<p>Pro\u010delnik Odjela za razvoj, urbanizam, ekologiju i gospodarenje zemlji\u0161tem Grada Rijeke Sr\u0111an \u0160kunca objasnio je kako \u0107e se fokus sljede\u0107eg projektnog razdoblja odrediti kroz Strategiju razvoja Urbane aglomeracije Rijeka koja je trenutno u izradi, a u kojoj \u0107e se definirati okvirni strate\u0161ki projekti kroz tijela Urbane aglomeracije Rijeka, a to su koordinacija i partnersko vije\u0107e. \u201eTo je sada posao koji je pred nama, ali ve\u0107 sad otprilike znamo da \u0107emo i u narednom razdoblju nastaviti s projektima koji su vezani uz poduzetni\u0161tvo, javni prijevoz, ali i stavljanje kulture u funkciju turizma\u201c, zaklju\u010dio je \u0160kunca.<\/p>\n<h2>Pro\u0161irenje Urbane Aglomeracije Rijeka<\/h2>\n<p>Europska unija je uvela ITU mehanizam s ciljem ja\u010danja uloge gradova kao pokreta\u010da gospodarskog razvoja. Mehanizam slu\u017ei za provedbu aktivnosti odr\u017eivog urbanog razvoja koje imaju nagla\u0161enu teritorijalnu dimenziju te omogu\u0107ava pru\u017eanje financijske potpore za provo\u0111enje integriranih aktivnosti. U financijskom razdoblju 2014.-2020. kroz ovaj su mehanizam ugovorena 24 projekta na podru\u010dju Urbane aglomeracije Rijeka ukupne vrijednosti ve\u0107e od 573 milijuna kuna, \u010dija je realizacija u tijeku, uz odobreno sufinanciranje bespovratnim sredstvima u iznosu ve\u0107em od 350 milijuna kuna.<\/p>\n<p>Sukladno novim Smjernicama nadle\u017enog ministarstva za uspostavu urbanih podru\u010dja i izradu strategija razvoja urbanih podru\u010dja za financijsko razdoblje 2021. \u2013 2027., gradovi koji su do trenutka njihovog dono\u0161enja uspostavili svoja urbana podru\u010dja imali su mogu\u0107nost zadr\u017eati postoje\u0107i obuhvat ili uspostaviti nova urbana podru\u010dja.<\/p>\n<p>U skladu sa Smjernicama Grad Rijeka je predlo\u017eio izmjenu obuhvata Urbane aglomeracije Rijeka za financijsko razdoblje 2021. \u2013 2027. te dostavio odluke i pozitivna mi\u0161ljenja gradskih i op\u0107inskih vije\u0107a novopredlo\u017eenih op\u0107ina i gradova za ulazak u njezin sastav.<\/p>\n<p>U novom financijskom razdoblju ustrojena je pro\u0161irena Urbana aglomeracija Rijeka za financijsko razdoblje od 2021. do 2027. godine. Urbanu aglomeraciju Rijeka u narednom financijskom razdoblju pored gradova Rijeke, Kastva, Kraljevice te Opatije i op\u0107ina \u010cavle, Klana, Kostrena, Lovran, Mo\u0161\u0107eni\u010dka Draga te Vi\u0161kovo, \u010dine i nove \u010dlanice \u2013 Grad Bakar te op\u0107ine Matulji, Jelenje i Omi\u0161alj, dakle sveukupno 14 jedinica lokalne samouprave.<\/p>\n<p>Nakon \u0161to je dobivena Odluka o ustrojavanju, u cilju u\u010dinkovitog djelovanja Urbane aglomeracije Rijeka, osnovano je Koordinacijsko i Partnersko vije\u0107e te su \u010dlanice UA Rijeka sklopile Sporazum o suradnji na izradi i provedbi Strategije razvoja urbanoga podru\u010dja kao temeljnog strate\u0161kog dokumenta razvoja u razdoblju 2021.-2027. godine. Cilj izrade Strategije je definiranje zajedni\u010dkih smjerova razvoja, predlaganje zajedni\u010dkih pravaca djelovanja te olak\u0161avanje provedbe zajedni\u010dkih projekata Urbane aglomeracije Rijeka za financijsko razdoblje 2021. \u2013 2027. godine.<\/p>\n<p>Provedba konferencije sufinancirana je sredstvima tehni\u010dke pomo\u0107i iz Operativnog programa \u201eKonkurentnost i kohezija\u201d, iz Europskog fonda za regionalni razvoj.<\/p>\n<\/div>\n<p>&nbsp;<\/p>\n<p><em>Izvor: <a href=\"http:\/\/www.rijeka.hr\" target=\"_blank\" rel=\"noopener\">www.rijeka.hr<\/a><\/em><\/p>","protected":false},"excerpt":{"rendered":"<p>Kroz ITU mehanizam 2014.-2020. ugovorena su 24 projekta na podru\u010dju Urbane aglomeracije Rijeka ukupne vrijednosti ve\u0107e od 573 milijuna kuna, \u010dija je realizacija u tijeku, uz odobreno sufinanciranje bespovratnim sredstvima u iznosu ve\u0107em od 350 milijuna kuna. Predstavnici op\u0107ina i gradova \u010dlanica Urbane aglomeracije Rijeka na konferenciji \u201eProjekti ITU mehanizama za poduzetnike, djecu i mlade [&hellip;]<\/p>","protected":false},"author":1,"featured_media":5789,"comment_status":"open","ping_status":"open","sticky":false,"template":"","format":"standard","meta":{"_acf_changed":false,"inline_featured_image":false,"footnotes":""},"categories":[21],"tags":[],"class_list":["post-5788","post","type-post","status-publish","format-standard","has-post-thumbnail","hentry","category-ostalo"],"acf":[],"yoast_head":"<!-- This site is optimized with the Yoast SEO plugin v26.9 - https:\/\/yoast.com\/product\/yoast-seo-wordpress\/ -->\n<title>Konferencija \u201eProjekti ITU mehanizma za poduzetnike, djecu i mlade u Urbanoj aglomeraciji Rijeka\u201c - Sinergana<\/title>\n<meta name=\"robots\" content=\"index, follow, max-snippet:-1, max-image-preview:large, max-video-preview:-1\" \/>\n<link rel=\"canonical\" href=\"https:\/\/sinergana.hr\/en\/konferencija-projekti-itu-mehanizma-za-poduzetnike-djecu-i-mlade-u-urbanoj-aglomeraciji-rijeka\/\" \/>\n<meta property=\"og:locale\" content=\"en_GB\" \/>\n<meta property=\"og:type\" content=\"article\" \/>\n<meta property=\"og:title\" content=\"Konferencija \u201eProjekti ITU mehanizma za poduzetnike, djecu i mlade u Urbanoj aglomeraciji Rijeka\u201c - Sinergana\" \/>\n<meta property=\"og:description\" content=\"Kroz ITU mehanizam 2014.-2020. ugovorena su 24 projekta na podru\u010dju Urbane aglomeracije Rijeka ukupne vrijednosti ve\u0107e od 573 milijuna kuna, \u010dija je realizacija u tijeku, uz odobreno sufinanciranje bespovratnim sredstvima u iznosu ve\u0107em od 350 milijuna kuna. Predstavnici op\u0107ina i gradova \u010dlanica Urbane aglomeracije Rijeka na konferenciji \u201eProjekti ITU mehanizama za poduzetnike, djecu i mlade [&hellip;]\" \/>\n<meta property=\"og:url\" content=\"https:\/\/sinergana.hr\/en\/konferencija-projekti-itu-mehanizma-za-poduzetnike-djecu-i-mlade-u-urbanoj-aglomeraciji-rijeka\/\" \/>\n<meta property=\"og:site_name\" content=\"Sinergana\" \/>\n<meta property=\"article:published_time\" content=\"2023-06-15T13:12:18+00:00\" \/>\n<meta property=\"article:modified_time\" content=\"2024-03-20T14:59:21+00:00\" \/>\n<meta property=\"og:image\" content=\"https:\/\/sinergana.hr\/wp-content\/uploads\/2023\/06\/Konferencija-Projekti-ITU-mehanizma-za-poduzetnike-djecu-i-mlade-u-urbanoj-aglomeraciji-Rijeka-12.jpg\" \/>\n\t<meta property=\"og:image:width\" content=\"1024\" \/>\n\t<meta property=\"og:image:height\" content=\"682\" \/>\n\t<meta property=\"og:image:type\" content=\"image\/jpeg\" \/>\n<meta name=\"author\" content=\"admPr0s\" \/>\n<meta name=\"twitter:card\" content=\"summary_large_image\" \/>\n<meta name=\"twitter:label1\" content=\"Written by\" \/>\n\t<meta name=\"twitter:data1\" content=\"admPr0s\" \/>\n\t<meta name=\"twitter:label2\" content=\"Estimated reading time\" \/>\n\t<meta name=\"twitter:data2\" content=\"9 minutes\" \/>\n<script type=\"application\/ld+json\" class=\"yoast-schema-graph\">{\"@context\":\"https:\/\/schema.org\",\"@graph\":[{\"@type\":\"Article\",\"@id\":\"https:\/\/sinergana.hr\/konferencija-projekti-itu-mehanizma-za-poduzetnike-djecu-i-mlade-u-urbanoj-aglomeraciji-rijeka\/#article\",\"isPartOf\":{\"@id\":\"https:\/\/sinergana.hr\/konferencija-projekti-itu-mehanizma-za-poduzetnike-djecu-i-mlade-u-urbanoj-aglomeraciji-rijeka\/\"},\"author\":{\"name\":\"admPr0s\",\"@id\":\"https:\/\/sinergana.hr\/#\/schema\/person\/89e3cda2a8623f12f86343d697944712\"},\"headline\":\"Konferencija \u201eProjekti ITU mehanizma za poduzetnike, djecu i mlade u Urbanoj aglomeraciji Rijeka\u201c\",\"datePublished\":\"2023-06-15T13:12:18+00:00\",\"dateModified\":\"2024-03-20T14:59:21+00:00\",\"mainEntityOfPage\":{\"@id\":\"https:\/\/sinergana.hr\/konferencija-projekti-itu-mehanizma-za-poduzetnike-djecu-i-mlade-u-urbanoj-aglomeraciji-rijeka\/\"},\"wordCount\":1573,\"commentCount\":0,\"publisher\":{\"@id\":\"https:\/\/sinergana.hr\/#organization\"},\"image\":{\"@id\":\"https:\/\/sinergana.hr\/konferencija-projekti-itu-mehanizma-za-poduzetnike-djecu-i-mlade-u-urbanoj-aglomeraciji-rijeka\/#primaryimage\"},\"thumbnailUrl\":\"https:\/\/sinergana.hr\/wp-content\/uploads\/2023\/06\/Konferencija-Projekti-ITU-mehanizma-za-poduzetnike-djecu-i-mlade-u-urbanoj-aglomeraciji-Rijeka-12.jpg\",\"articleSection\":[\"Ostalo\"],\"inLanguage\":\"en-GB\"},{\"@type\":\"WebPage\",\"@id\":\"https:\/\/sinergana.hr\/konferencija-projekti-itu-mehanizma-za-poduzetnike-djecu-i-mlade-u-urbanoj-aglomeraciji-rijeka\/\",\"url\":\"https:\/\/sinergana.hr\/konferencija-projekti-itu-mehanizma-za-poduzetnike-djecu-i-mlade-u-urbanoj-aglomeraciji-rijeka\/\",\"name\":\"Konferencija \u201eProjekti ITU mehanizma za poduzetnike, djecu i mlade u Urbanoj aglomeraciji Rijeka\u201c - Sinergana\",\"isPartOf\":{\"@id\":\"https:\/\/sinergana.hr\/#website\"},\"primaryImageOfPage\":{\"@id\":\"https:\/\/sinergana.hr\/konferencija-projekti-itu-mehanizma-za-poduzetnike-djecu-i-mlade-u-urbanoj-aglomeraciji-rijeka\/#primaryimage\"},\"image\":{\"@id\":\"https:\/\/sinergana.hr\/konferencija-projekti-itu-mehanizma-za-poduzetnike-djecu-i-mlade-u-urbanoj-aglomeraciji-rijeka\/#primaryimage\"},\"thumbnailUrl\":\"https:\/\/sinergana.hr\/wp-content\/uploads\/2023\/06\/Konferencija-Projekti-ITU-mehanizma-za-poduzetnike-djecu-i-mlade-u-urbanoj-aglomeraciji-Rijeka-12.jpg\",\"datePublished\":\"2023-06-15T13:12:18+00:00\",\"dateModified\":\"2024-03-20T14:59:21+00:00\",\"breadcrumb\":{\"@id\":\"https:\/\/sinergana.hr\/konferencija-projekti-itu-mehanizma-za-poduzetnike-djecu-i-mlade-u-urbanoj-aglomeraciji-rijeka\/#breadcrumb\"},\"inLanguage\":\"en-GB\",\"potentialAction\":[{\"@type\":\"ReadAction\",\"target\":[\"https:\/\/sinergana.hr\/konferencija-projekti-itu-mehanizma-za-poduzetnike-djecu-i-mlade-u-urbanoj-aglomeraciji-rijeka\/\"]}]},{\"@type\":\"ImageObject\",\"inLanguage\":\"en-GB\",\"@id\":\"https:\/\/sinergana.hr\/konferencija-projekti-itu-mehanizma-za-poduzetnike-djecu-i-mlade-u-urbanoj-aglomeraciji-rijeka\/#primaryimage\",\"url\":\"https:\/\/sinergana.hr\/wp-content\/uploads\/2023\/06\/Konferencija-Projekti-ITU-mehanizma-za-poduzetnike-djecu-i-mlade-u-urbanoj-aglomeraciji-Rijeka-12.jpg\",\"contentUrl\":\"https:\/\/sinergana.hr\/wp-content\/uploads\/2023\/06\/Konferencija-Projekti-ITU-mehanizma-za-poduzetnike-djecu-i-mlade-u-urbanoj-aglomeraciji-Rijeka-12.jpg\",\"width\":1024,\"height\":682},{\"@type\":\"BreadcrumbList\",\"@id\":\"https:\/\/sinergana.hr\/konferencija-projekti-itu-mehanizma-za-poduzetnike-djecu-i-mlade-u-urbanoj-aglomeraciji-rijeka\/#breadcrumb\",\"itemListElement\":[{\"@type\":\"ListItem\",\"position\":1,\"name\":\"Po\u010detna stranica\",\"item\":\"https:\/\/sinergana.hr\/\"},{\"@type\":\"ListItem\",\"position\":2,\"name\":\"Konferencija \u201eProjekti ITU mehanizma za poduzetnike, djecu i mlade u Urbanoj aglomeraciji Rijeka\u201c\"}]},{\"@type\":\"WebSite\",\"@id\":\"https:\/\/sinergana.hr\/#website\",\"url\":\"https:\/\/sinergana.hr\/\",\"name\":\"Sinergana\",\"description\":\"Inkubator za kreativne tehnologije i IT industriju\",\"publisher\":{\"@id\":\"https:\/\/sinergana.hr\/#organization\"},\"potentialAction\":[{\"@type\":\"SearchAction\",\"target\":{\"@type\":\"EntryPoint\",\"urlTemplate\":\"https:\/\/sinergana.hr\/?s={search_term_string}\"},\"query-input\":{\"@type\":\"PropertyValueSpecification\",\"valueRequired\":true,\"valueName\":\"search_term_string\"}}],\"inLanguage\":\"en-GB\"},{\"@type\":\"Organization\",\"@id\":\"https:\/\/sinergana.hr\/#organization\",\"name\":\"Sinergana\",\"url\":\"https:\/\/sinergana.hr\/\",\"logo\":{\"@type\":\"ImageObject\",\"inLanguage\":\"en-GB\",\"@id\":\"https:\/\/sinergana.hr\/#\/schema\/logo\/image\/\",\"url\":\"https:\/\/sinergana.hr\/wp-content\/uploads\/2023\/04\/logo-sinergana.svg\",\"contentUrl\":\"https:\/\/sinergana.hr\/wp-content\/uploads\/2023\/04\/logo-sinergana.svg\",\"width\":231,\"height\":88,\"caption\":\"Sinergana\"},\"image\":{\"@id\":\"https:\/\/sinergana.hr\/#\/schema\/logo\/image\/\"}},{\"@type\":\"Person\",\"@id\":\"https:\/\/sinergana.hr\/#\/schema\/person\/89e3cda2a8623f12f86343d697944712\",\"name\":\"admPr0s\",\"image\":{\"@type\":\"ImageObject\",\"inLanguage\":\"en-GB\",\"@id\":\"https:\/\/sinergana.hr\/#\/schema\/person\/image\/\",\"url\":\"https:\/\/secure.gravatar.com\/avatar\/a4b21b8d76c1356d14f0b96ca0946cf2ff84e24a19d611e48b227628c25dfc55?s=96&d=mm&r=g\",\"contentUrl\":\"https:\/\/secure.gravatar.com\/avatar\/a4b21b8d76c1356d14f0b96ca0946cf2ff84e24a19d611e48b227628c25dfc55?s=96&d=mm&r=g\",\"caption\":\"admPr0s\"},\"sameAs\":[\"https:\/\/sinergana.hr\"],\"url\":\"https:\/\/sinergana.hr\/en\/author\/admpr0s\/\"}]}<\/script>\n<!-- \/ Yoast SEO plugin. -->","yoast_head_json":{"title":"Konferencija \u201eProjekti ITU mehanizma za poduzetnike, djecu i mlade u Urbanoj aglomeraciji Rijeka\u201c - Sinergana","robots":{"index":"index","follow":"follow","max-snippet":"max-snippet:-1","max-image-preview":"max-image-preview:large","max-video-preview":"max-video-preview:-1"},"canonical":"https:\/\/sinergana.hr\/en\/konferencija-projekti-itu-mehanizma-za-poduzetnike-djecu-i-mlade-u-urbanoj-aglomeraciji-rijeka\/","og_locale":"en_GB","og_type":"article","og_title":"Konferencija \u201eProjekti ITU mehanizma za poduzetnike, djecu i mlade u Urbanoj aglomeraciji Rijeka\u201c - Sinergana","og_description":"Kroz ITU mehanizam 2014.-2020. ugovorena su 24 projekta na podru\u010dju Urbane aglomeracije Rijeka ukupne vrijednosti ve\u0107e od 573 milijuna kuna, \u010dija je realizacija u tijeku, uz odobreno sufinanciranje bespovratnim sredstvima u iznosu ve\u0107em od 350 milijuna kuna. Predstavnici op\u0107ina i gradova \u010dlanica Urbane aglomeracije Rijeka na konferenciji \u201eProjekti ITU mehanizama za poduzetnike, djecu i mlade [&hellip;]","og_url":"https:\/\/sinergana.hr\/en\/konferencija-projekti-itu-mehanizma-za-poduzetnike-djecu-i-mlade-u-urbanoj-aglomeraciji-rijeka\/","og_site_name":"Sinergana","article_published_time":"2023-06-15T13:12:18+00:00","article_modified_time":"2024-03-20T14:59:21+00:00","og_image":[{"width":1024,"height":682,"url":"https:\/\/sinergana.hr\/wp-content\/uploads\/2023\/06\/Konferencija-Projekti-ITU-mehanizma-za-poduzetnike-djecu-i-mlade-u-urbanoj-aglomeraciji-Rijeka-12.jpg","type":"image\/jpeg"}],"author":"admPr0s","twitter_card":"summary_large_image","twitter_misc":{"Written by":"admPr0s","Estimated reading time":"9 minutes"},"schema":{"@context":"https:\/\/schema.org","@graph":[{"@type":"Article","@id":"https:\/\/sinergana.hr\/konferencija-projekti-itu-mehanizma-za-poduzetnike-djecu-i-mlade-u-urbanoj-aglomeraciji-rijeka\/#article","isPartOf":{"@id":"https:\/\/sinergana.hr\/konferencija-projekti-itu-mehanizma-za-poduzetnike-djecu-i-mlade-u-urbanoj-aglomeraciji-rijeka\/"},"author":{"name":"admPr0s","@id":"https:\/\/sinergana.hr\/#\/schema\/person\/89e3cda2a8623f12f86343d697944712"},"headline":"Konferencija \u201eProjekti ITU mehanizma za poduzetnike, djecu i mlade u Urbanoj aglomeraciji Rijeka\u201c","datePublished":"2023-06-15T13:12:18+00:00","dateModified":"2024-03-20T14:59:21+00:00","mainEntityOfPage":{"@id":"https:\/\/sinergana.hr\/konferencija-projekti-itu-mehanizma-za-poduzetnike-djecu-i-mlade-u-urbanoj-aglomeraciji-rijeka\/"},"wordCount":1573,"commentCount":0,"publisher":{"@id":"https:\/\/sinergana.hr\/#organization"},"image":{"@id":"https:\/\/sinergana.hr\/konferencija-projekti-itu-mehanizma-za-poduzetnike-djecu-i-mlade-u-urbanoj-aglomeraciji-rijeka\/#primaryimage"},"thumbnailUrl":"https:\/\/sinergana.hr\/wp-content\/uploads\/2023\/06\/Konferencija-Projekti-ITU-mehanizma-za-poduzetnike-djecu-i-mlade-u-urbanoj-aglomeraciji-Rijeka-12.jpg","articleSection":["Ostalo"],"inLanguage":"en-GB"},{"@type":"WebPage","@id":"https:\/\/sinergana.hr\/konferencija-projekti-itu-mehanizma-za-poduzetnike-djecu-i-mlade-u-urbanoj-aglomeraciji-rijeka\/","url":"https:\/\/sinergana.hr\/konferencija-projekti-itu-mehanizma-za-poduzetnike-djecu-i-mlade-u-urbanoj-aglomeraciji-rijeka\/","name":"Konferencija \u201eProjekti ITU mehanizma za poduzetnike, djecu i mlade u Urbanoj aglomeraciji Rijeka\u201c - Sinergana","isPartOf":{"@id":"https:\/\/sinergana.hr\/#website"},"primaryImageOfPage":{"@id":"https:\/\/sinergana.hr\/konferencija-projekti-itu-mehanizma-za-poduzetnike-djecu-i-mlade-u-urbanoj-aglomeraciji-rijeka\/#primaryimage"},"image":{"@id":"https:\/\/sinergana.hr\/konferencija-projekti-itu-mehanizma-za-poduzetnike-djecu-i-mlade-u-urbanoj-aglomeraciji-rijeka\/#primaryimage"},"thumbnailUrl":"https:\/\/sinergana.hr\/wp-content\/uploads\/2023\/06\/Konferencija-Projekti-ITU-mehanizma-za-poduzetnike-djecu-i-mlade-u-urbanoj-aglomeraciji-Rijeka-12.jpg","datePublished":"2023-06-15T13:12:18+00:00","dateModified":"2024-03-20T14:59:21+00:00","breadcrumb":{"@id":"https:\/\/sinergana.hr\/konferencija-projekti-itu-mehanizma-za-poduzetnike-djecu-i-mlade-u-urbanoj-aglomeraciji-rijeka\/#breadcrumb"},"inLanguage":"en-GB","potentialAction":[{"@type":"ReadAction","target":["https:\/\/sinergana.hr\/konferencija-projekti-itu-mehanizma-za-poduzetnike-djecu-i-mlade-u-urbanoj-aglomeraciji-rijeka\/"]}]},{"@type":"ImageObject","inLanguage":"en-GB","@id":"https:\/\/sinergana.hr\/konferencija-projekti-itu-mehanizma-za-poduzetnike-djecu-i-mlade-u-urbanoj-aglomeraciji-rijeka\/#primaryimage","url":"https:\/\/sinergana.hr\/wp-content\/uploads\/2023\/06\/Konferencija-Projekti-ITU-mehanizma-za-poduzetnike-djecu-i-mlade-u-urbanoj-aglomeraciji-Rijeka-12.jpg","contentUrl":"https:\/\/sinergana.hr\/wp-content\/uploads\/2023\/06\/Konferencija-Projekti-ITU-mehanizma-za-poduzetnike-djecu-i-mlade-u-urbanoj-aglomeraciji-Rijeka-12.jpg","width":1024,"height":682},{"@type":"BreadcrumbList","@id":"https:\/\/sinergana.hr\/konferencija-projekti-itu-mehanizma-za-poduzetnike-djecu-i-mlade-u-urbanoj-aglomeraciji-rijeka\/#breadcrumb","itemListElement":[{"@type":"ListItem","position":1,"name":"Po\u010detna stranica","item":"https:\/\/sinergana.hr\/"},{"@type":"ListItem","position":2,"name":"Konferencija \u201eProjekti ITU mehanizma za poduzetnike, djecu i mlade u Urbanoj aglomeraciji Rijeka\u201c"}]},{"@type":"WebSite","@id":"https:\/\/sinergana.hr\/#website","url":"https:\/\/sinergana.hr\/","name":"Sinergana","description":"Creative Technologies and IT Industry Incubator","publisher":{"@id":"https:\/\/sinergana.hr\/#organization"},"potentialAction":[{"@type":"SearchAction","target":{"@type":"EntryPoint","urlTemplate":"https:\/\/sinergana.hr\/?s={search_term_string}"},"query-input":{"@type":"PropertyValueSpecification","valueRequired":true,"valueName":"search_term_string"}}],"inLanguage":"en-GB"},{"@type":"Organization","@id":"https:\/\/sinergana.hr\/#organization","name":"Sinergana","url":"https:\/\/sinergana.hr\/","logo":{"@type":"ImageObject","inLanguage":"en-GB","@id":"https:\/\/sinergana.hr\/#\/schema\/logo\/image\/","url":"https:\/\/sinergana.hr\/wp-content\/uploads\/2023\/04\/logo-sinergana.svg","contentUrl":"https:\/\/sinergana.hr\/wp-content\/uploads\/2023\/04\/logo-sinergana.svg","width":231,"height":88,"caption":"Sinergana"},"image":{"@id":"https:\/\/sinergana.hr\/#\/schema\/logo\/image\/"}},{"@type":"Person","@id":"https:\/\/sinergana.hr\/#\/schema\/person\/89e3cda2a8623f12f86343d697944712","name":"admPr0s","image":{"@type":"ImageObject","inLanguage":"en-GB","@id":"https:\/\/sinergana.hr\/#\/schema\/person\/image\/","url":"https:\/\/secure.gravatar.com\/avatar\/a4b21b8d76c1356d14f0b96ca0946cf2ff84e24a19d611e48b227628c25dfc55?s=96&d=mm&r=g","contentUrl":"https:\/\/secure.gravatar.com\/avatar\/a4b21b8d76c1356d14f0b96ca0946cf2ff84e24a19d611e48b227628c25dfc55?s=96&d=mm&r=g","caption":"admPr0s"},"sameAs":["https:\/\/sinergana.hr"],"url":"https:\/\/sinergana.hr\/en\/author\/admpr0s\/"}]}},"_links":{"self":[{"href":"https:\/\/sinergana.hr\/en\/wp-json\/wp\/v2\/posts\/5788","targetHints":{"allow":["GET"]}}],"collection":[{"href":"https:\/\/sinergana.hr\/en\/wp-json\/wp\/v2\/posts"}],"about":[{"href":"https:\/\/sinergana.hr\/en\/wp-json\/wp\/v2\/types\/post"}],"author":[{"embeddable":true,"href":"https:\/\/sinergana.hr\/en\/wp-json\/wp\/v2\/users\/1"}],"replies":[{"embeddable":true,"href":"https:\/\/sinergana.hr\/en\/wp-json\/wp\/v2\/comments?post=5788"}],"version-history":[{"count":2,"href":"https:\/\/sinergana.hr\/en\/wp-json\/wp\/v2\/posts\/5788\/revisions"}],"predecessor-version":[{"id":5887,"href":"https:\/\/sinergana.hr\/en\/wp-json\/wp\/v2\/posts\/5788\/revisions\/5887"}],"wp:featuredmedia":[{"embeddable":true,"href":"https:\/\/sinergana.hr\/en\/wp-json\/wp\/v2\/media\/5789"}],"wp:attachment":[{"href":"https:\/\/sinergana.hr\/en\/wp-json\/wp\/v2\/media?parent=5788"}],"wp:term":[{"taxonomy":"category","embeddable":true,"href":"https:\/\/sinergana.hr\/en\/wp-json\/wp\/v2\/categories?post=5788"},{"taxonomy":"post_tag","embeddable":true,"href":"https:\/\/sinergana.hr\/en\/wp-json\/wp\/v2\/tags?post=5788"}],"curies":[{"name":"wp","href":"https:\/\/api.w.org\/{rel}","templated":true}]}}