{"id":5972,"date":"2025-02-05T08:49:10","date_gmt":"2025-02-05T07:49:10","guid":{"rendered":"https:\/\/sinergana.hr\/?p=5972"},"modified":"2025-03-26T16:14:00","modified_gmt":"2025-03-26T15:14:00","slug":"poziv-na-iskazivanje-interesa-za-koristenje-poslovnih-prostora-i-usluga-poduzetnickog-inkubatora-sinergana-srijeda-5-veljaca-2025","status":"publish","type":"post","link":"https:\/\/sinergana.hr\/en\/poziv-na-iskazivanje-interesa-za-koristenje-poslovnih-prostora-i-usluga-poduzetnickog-inkubatora-sinergana-srijeda-5-veljaca-2025\/","title":{"rendered":"Poziv na iskazivanje interesa za kori\u0161tenje poslovnih prostora i usluga poduzetni\u010dkog inkubatora Sinergana"},"content":{"rendered":"<div class=\"page-header\">\n<p class=\"breadcrumbs\"><strong>Grad Rijeka, Upravni odjel za gospodarstvo, razvoj, ekologiju i europske projekte objavio je Poziv na iskazivanje interesa za kori\u0161tenje poslovnih prostora i usluga poduzetni\u010dkog inkubatora Sinergana.<\/strong><\/p>\n<h3 class=\"breadcrumbs\">EU projekt \u2018Inkubator za kreativne tehnologije i IT industriju \u2013 Energana\u2019<\/h3>\n<p class=\"breadcrumbs\"><span style=\"font-size: 16px;\">Izgradnja, opremanje i stavljanje u funkciju inkubatora Sinergana provodi se kroz EU projekt \u2018Inkubator za kreativne tehnologije i IT industriju \u2013 Energana\u2019 \u010diji je nositelj Grad Rijeka, a obuhva\u0107a rekonstrukciju i prenamjenu zgrade te uspostavu programskih i svih ostalih aktivnosti neophodnih za stavljanje inkubatora u operativni rad. Ukupna vrijednost EU projekta \u201cInkubator za kreativne tehnologije i IT industriju \u2013 Energana\u201c iznosi 6.147.183,75 eura od \u010dega je 4.176.543,71 eura sufinancirano iz Europskog fonda za regionalni razvoj \u2013 Operativnog programa Konkurentnost i kohezija putem mehanizma Integriranih teritorijalnih ulaganja, a 368.518,00 eura od strane Ministarstva regionalnog razvoja i fondova Europske unije.<\/span><\/p>\n<h3>Sadr\u017eaji i raspored prostora<\/h3>\n<p class=\"breadcrumbs\">Obnovljena zgrada budu\u0107eg inkubatora uklju\u010duje preko 2.700 m\u00b2 povr\u0161ine na pet eta\u017ea. Pored uredskih prostora, odnosno 24 inkubacijske jedinice za poduzetnike, u prostoru Sinergane nalaze se radni prostori, vi\u0161enamjenske u\u010dionice i prostorije za sastanke, podatkovni centar, sobe za razgovor, velika multifunkcionalna dvorana, coworking prostor te drugi funkcionalni i logisti\u010dki sadr\u017eaji neophodni za u\u010dinkovit rad i ugodan boravak korisnika u inkubatoru. Novi poduzetni\u010dki inkubator korisnicima \u0107e osigurati specijalizirane u\u010dionice i prostorije opremljene suvremenom specijaliziranom opremom: laboratorij za umjetnu inteligenciju i IoT\/roboti\u010dku radionicu, u\u010dionicu za razvoj ra\u010dunalnih igara s radnim stanicama te studio za snimanje, monta\u017eu i obradu foto i video uradaka.<\/p>\n<h3>Cilj Poziva<\/h3>\n<p>Cilj Poziva je ispitati interes malih i srednjih poduzetnika sa sjedi\u0161tem na podru\u010dju Urbane aglomeracije Rijeka za kori\u0161tenje prostornih kapaciteta i usluga inkubatora za kreativne tehnologije i IT industriju Sinergana.<\/p>\n<h3>Tko se mo\u017ee prijaviti na Poziv<\/h3>\n<p>Poziv na iskazivanje interesa namijenjen je poduzetnicima u ve\u0107inskom privatnom vlasni\u0161tvu koji posluju u domeni IT, kreativnih, gaming i smart industrija te s njima povezanih djelatnosti. Poziv se isklju\u010divo odnosi na subjekte malog i srednjeg poduzetni\u0161tva sa sjedi\u0161tem na podru\u010dju Urbane aglomeracije Rijeka, odnosno gradova Rijeka, Bakar, Kastav, Kraljevica i Opatija te op\u0107ina \u010cavle, Jelenje, Klana, Kostrena, Lovran, Matulji, Mo\u0161\u0107eni\u010dka Draga, Omi\u0161alj i Vi\u0161kovo.<\/p>\n<h3>Na\u010din podno\u0161enja prijava za iskazivanje interesa<\/h3>\n<p>Prijave na Javni poziv zaprimaju se isklju\u010divo putem portala<a role=\"link\" href=\"https:\/\/gov.rijeka.hr\/zahtjevi-i-obrasci\/poduzetnistvo\/prijava-na-poziv-na-iskazivanje-interesa-za-koristenje-poslovnih-prostora-i-usluga-poduzetnickog-inkubatora-sinergana\/2905\" target=\"_blank\" rel=\"noopener\">\u00a0eUsluge Grada Rijeke u rubrici Poduzetni\u0161tvo<\/a>, odnosno svoj interes za usluge inkubatora poduzetnici iskazuju popunjavaju\u0107i e-Obrazac za iskazivanje interesa putem\u00a0<a role=\"link\" href=\"https:\/\/e-usluge3.rijeka.hr\/apex\/f?p=510:LOGIN_USER\" target=\"_blank\" rel=\"noopener\">Informacijskog Servisa Grada Rijeke<\/a>.<br \/>\nObrasci koji sadr\u017ee neispravne ili neistinite identifikacijske podatke poslovnog subjekta ne\u0107e se uzimati u obradu, kao ni podaci poslovnih subjekata koji ne ispunjavaju kriterije ovog Poziva. Jedan poslovni subjekt mo\u017ee po ovom Pozivu izvr\u0161iti iskaz interesa samo jednom<\/p>\n<h3>Rok za zaprimanje prijava<\/h3>\n<p>Prijave na Poziv na iskazivanje interesa primaju se\u00a0<strong>od 5. velja\u010de od 8:00 sati do 19. velja\u010de 2025. do 16:00 sati.<\/strong><\/p>\n<h3>Va\u017ena napomena<\/h3>\n<p><strong>Iskazivanje interesa ne predstavlja preuzimanje bilo kakvih obveza, kako od strane poduzetnika (prijavitelja), tako ni od strane Grada Rijeke.<\/strong><\/p>\n<p>Iskazom interesa ne konkurirate za kori\u0161tenje poslovnog prostora ili bilo koje druge usluge inkubatora Sinergana niti stje\u010dete bilo kakvu prednost u odnosu na druge poslovne subjekte.<\/p>\n<p>Podaci prikupljeni ovim Pozivom koristit \u0107e se isklju\u010divo u navedenu svrhu. Identifikacijski podaci poslovnih subjekata koji iska\u017eu interes putem Poziva ne\u0107e se javno objavljivati i bit \u0107e kori\u0161teni u skladu s Op\u0107om uredbom o za\u0161titi podataka.<\/p>\n<h3>Dodatne informacije<\/h3>\n<p>Dodatne informacije o inkubatoru i o ovom Pozivu mogu se dobiti u nadle\u017enom upravnom odjelu Grada Rijeke na ni\u017ee navedenim kontaktima.<\/p>\n<p>City of Rijeka<br \/>\nUpravni odjel za gospodarstvo, razvoj, ekologiju i europske projekte<br \/>\nTrg sv. Barbare 2, Rijeka<br \/>\nT:\u00a0<a role=\"link\" href=\"tel:\/\/+385\">051 209 943<\/a><br \/>\nE:\u00a0<a role=\"link\" href=\"mailto:sinergana@rijeka.hr\">sinergana@rijeka.hr<\/a><br \/>\n<a role=\"link\" href=\"https:\/\/sinergana.hr\/en\/\">www.sinergana.hr<\/a><\/p>\n<\/div>","protected":false},"excerpt":{"rendered":"<p>Grad Rijeka, Upravni odjel za gospodarstvo, razvoj, ekologiju i europske projekte objavio je Poziv na iskazivanje interesa za kori\u0161tenje poslovnih prostora i usluga poduzetni\u010dkog inkubatora Sinergana. EU projekt \u2018Inkubator za kreativne tehnologije i IT industriju \u2013 Energana\u2019 Izgradnja, opremanje i stavljanje u funkciju inkubatora Sinergana provodi se kroz EU projekt \u2018Inkubator za kreativne tehnologije i [&hellip;]<\/p>","protected":false},"author":1,"featured_media":5969,"comment_status":"open","ping_status":"open","sticky":false,"template":"","format":"standard","meta":{"_acf_changed":false,"inline_featured_image":false,"footnotes":""},"categories":[21],"tags":[],"class_list":["post-5972","post","type-post","status-publish","format-standard","has-post-thumbnail","hentry","category-ostalo"],"acf":[],"yoast_head":"<!-- This site is optimized with the Yoast SEO plugin v26.9 - https:\/\/yoast.com\/product\/yoast-seo-wordpress\/ -->\n<title>Poziv na iskazivanje interesa za kori\u0161tenje poslovnih prostora i usluga poduzetni\u010dkog inkubatora Sinergana - Sinergana<\/title>\n<meta name=\"robots\" content=\"index, follow, max-snippet:-1, max-image-preview:large, max-video-preview:-1\" \/>\n<link rel=\"canonical\" href=\"https:\/\/sinergana.hr\/en\/poziv-na-iskazivanje-interesa-za-koristenje-poslovnih-prostora-i-usluga-poduzetnickog-inkubatora-sinergana-srijeda-5-veljaca-2025\/\" \/>\n<meta property=\"og:locale\" content=\"en_GB\" \/>\n<meta property=\"og:type\" content=\"article\" \/>\n<meta property=\"og:title\" content=\"Poziv na iskazivanje interesa za kori\u0161tenje poslovnih prostora i usluga poduzetni\u010dkog inkubatora Sinergana - Sinergana\" \/>\n<meta property=\"og:description\" content=\"Grad Rijeka, Upravni odjel za gospodarstvo, razvoj, ekologiju i europske projekte objavio je Poziv na iskazivanje interesa za kori\u0161tenje poslovnih prostora i usluga poduzetni\u010dkog inkubatora Sinergana. EU projekt \u2018Inkubator za kreativne tehnologije i IT industriju \u2013 Energana\u2019 Izgradnja, opremanje i stavljanje u funkciju inkubatora Sinergana provodi se kroz EU projekt \u2018Inkubator za kreativne tehnologije i [&hellip;]\" \/>\n<meta property=\"og:url\" content=\"https:\/\/sinergana.hr\/en\/poziv-na-iskazivanje-interesa-za-koristenje-poslovnih-prostora-i-usluga-poduzetnickog-inkubatora-sinergana-srijeda-5-veljaca-2025\/\" \/>\n<meta property=\"og:site_name\" content=\"Sinergana\" \/>\n<meta property=\"article:published_time\" content=\"2025-02-05T07:49:10+00:00\" \/>\n<meta property=\"article:modified_time\" content=\"2025-03-26T15:14:00+00:00\" \/>\n<meta property=\"og:image\" content=\"https:\/\/sinergana.hr\/wp-content\/uploads\/2025\/02\/IMG_20240918_110009-min-scaled.jpg\" \/>\n\t<meta property=\"og:image:width\" content=\"2560\" \/>\n\t<meta property=\"og:image:height\" content=\"1920\" \/>\n\t<meta property=\"og:image:type\" content=\"image\/jpeg\" \/>\n<meta name=\"author\" content=\"admPr0s\" \/>\n<meta name=\"twitter:card\" content=\"summary_large_image\" \/>\n<meta name=\"twitter:label1\" content=\"Written by\" \/>\n\t<meta name=\"twitter:data1\" content=\"admPr0s\" \/>\n\t<meta name=\"twitter:label2\" content=\"Estimated reading time\" \/>\n\t<meta name=\"twitter:data2\" content=\"4 minutes\" \/>\n<script type=\"application\/ld+json\" class=\"yoast-schema-graph\">{\"@context\":\"https:\/\/schema.org\",\"@graph\":[{\"@type\":\"Article\",\"@id\":\"https:\/\/sinergana.hr\/poziv-na-iskazivanje-interesa-za-koristenje-poslovnih-prostora-i-usluga-poduzetnickog-inkubatora-sinergana-srijeda-5-veljaca-2025\/#article\",\"isPartOf\":{\"@id\":\"https:\/\/sinergana.hr\/poziv-na-iskazivanje-interesa-za-koristenje-poslovnih-prostora-i-usluga-poduzetnickog-inkubatora-sinergana-srijeda-5-veljaca-2025\/\"},\"author\":{\"name\":\"admPr0s\",\"@id\":\"https:\/\/sinergana.hr\/#\/schema\/person\/89e3cda2a8623f12f86343d697944712\"},\"headline\":\"Poziv na iskazivanje interesa za kori\u0161tenje poslovnih prostora i usluga poduzetni\u010dkog inkubatora Sinergana\",\"datePublished\":\"2025-02-05T07:49:10+00:00\",\"dateModified\":\"2025-03-26T15:14:00+00:00\",\"mainEntityOfPage\":{\"@id\":\"https:\/\/sinergana.hr\/poziv-na-iskazivanje-interesa-za-koristenje-poslovnih-prostora-i-usluga-poduzetnickog-inkubatora-sinergana-srijeda-5-veljaca-2025\/\"},\"wordCount\":630,\"commentCount\":0,\"publisher\":{\"@id\":\"https:\/\/sinergana.hr\/#organization\"},\"image\":{\"@id\":\"https:\/\/sinergana.hr\/poziv-na-iskazivanje-interesa-za-koristenje-poslovnih-prostora-i-usluga-poduzetnickog-inkubatora-sinergana-srijeda-5-veljaca-2025\/#primaryimage\"},\"thumbnailUrl\":\"https:\/\/sinergana.hr\/wp-content\/uploads\/2025\/02\/IMG_20240918_110009-min-scaled.jpg\",\"articleSection\":[\"Ostalo\"],\"inLanguage\":\"en-GB\"},{\"@type\":\"WebPage\",\"@id\":\"https:\/\/sinergana.hr\/poziv-na-iskazivanje-interesa-za-koristenje-poslovnih-prostora-i-usluga-poduzetnickog-inkubatora-sinergana-srijeda-5-veljaca-2025\/\",\"url\":\"https:\/\/sinergana.hr\/poziv-na-iskazivanje-interesa-za-koristenje-poslovnih-prostora-i-usluga-poduzetnickog-inkubatora-sinergana-srijeda-5-veljaca-2025\/\",\"name\":\"Poziv na iskazivanje interesa za kori\u0161tenje poslovnih prostora i usluga poduzetni\u010dkog inkubatora Sinergana - Sinergana\",\"isPartOf\":{\"@id\":\"https:\/\/sinergana.hr\/#website\"},\"primaryImageOfPage\":{\"@id\":\"https:\/\/sinergana.hr\/poziv-na-iskazivanje-interesa-za-koristenje-poslovnih-prostora-i-usluga-poduzetnickog-inkubatora-sinergana-srijeda-5-veljaca-2025\/#primaryimage\"},\"image\":{\"@id\":\"https:\/\/sinergana.hr\/poziv-na-iskazivanje-interesa-za-koristenje-poslovnih-prostora-i-usluga-poduzetnickog-inkubatora-sinergana-srijeda-5-veljaca-2025\/#primaryimage\"},\"thumbnailUrl\":\"https:\/\/sinergana.hr\/wp-content\/uploads\/2025\/02\/IMG_20240918_110009-min-scaled.jpg\",\"datePublished\":\"2025-02-05T07:49:10+00:00\",\"dateModified\":\"2025-03-26T15:14:00+00:00\",\"breadcrumb\":{\"@id\":\"https:\/\/sinergana.hr\/poziv-na-iskazivanje-interesa-za-koristenje-poslovnih-prostora-i-usluga-poduzetnickog-inkubatora-sinergana-srijeda-5-veljaca-2025\/#breadcrumb\"},\"inLanguage\":\"en-GB\",\"potentialAction\":[{\"@type\":\"ReadAction\",\"target\":[\"https:\/\/sinergana.hr\/poziv-na-iskazivanje-interesa-za-koristenje-poslovnih-prostora-i-usluga-poduzetnickog-inkubatora-sinergana-srijeda-5-veljaca-2025\/\"]}]},{\"@type\":\"ImageObject\",\"inLanguage\":\"en-GB\",\"@id\":\"https:\/\/sinergana.hr\/poziv-na-iskazivanje-interesa-za-koristenje-poslovnih-prostora-i-usluga-poduzetnickog-inkubatora-sinergana-srijeda-5-veljaca-2025\/#primaryimage\",\"url\":\"https:\/\/sinergana.hr\/wp-content\/uploads\/2025\/02\/IMG_20240918_110009-min-scaled.jpg\",\"contentUrl\":\"https:\/\/sinergana.hr\/wp-content\/uploads\/2025\/02\/IMG_20240918_110009-min-scaled.jpg\",\"width\":2560,\"height\":1920},{\"@type\":\"BreadcrumbList\",\"@id\":\"https:\/\/sinergana.hr\/poziv-na-iskazivanje-interesa-za-koristenje-poslovnih-prostora-i-usluga-poduzetnickog-inkubatora-sinergana-srijeda-5-veljaca-2025\/#breadcrumb\",\"itemListElement\":[{\"@type\":\"ListItem\",\"position\":1,\"name\":\"Po\u010detna stranica\",\"item\":\"https:\/\/sinergana.hr\/\"},{\"@type\":\"ListItem\",\"position\":2,\"name\":\"Poziv na iskazivanje interesa za kori\u0161tenje poslovnih prostora i usluga poduzetni\u010dkog inkubatora Sinergana\"}]},{\"@type\":\"WebSite\",\"@id\":\"https:\/\/sinergana.hr\/#website\",\"url\":\"https:\/\/sinergana.hr\/\",\"name\":\"Sinergana\",\"description\":\"Inkubator za kreativne tehnologije i IT industriju\",\"publisher\":{\"@id\":\"https:\/\/sinergana.hr\/#organization\"},\"potentialAction\":[{\"@type\":\"SearchAction\",\"target\":{\"@type\":\"EntryPoint\",\"urlTemplate\":\"https:\/\/sinergana.hr\/?s={search_term_string}\"},\"query-input\":{\"@type\":\"PropertyValueSpecification\",\"valueRequired\":true,\"valueName\":\"search_term_string\"}}],\"inLanguage\":\"en-GB\"},{\"@type\":\"Organization\",\"@id\":\"https:\/\/sinergana.hr\/#organization\",\"name\":\"Sinergana\",\"url\":\"https:\/\/sinergana.hr\/\",\"logo\":{\"@type\":\"ImageObject\",\"inLanguage\":\"en-GB\",\"@id\":\"https:\/\/sinergana.hr\/#\/schema\/logo\/image\/\",\"url\":\"https:\/\/sinergana.hr\/wp-content\/uploads\/2023\/04\/logo-sinergana.svg\",\"contentUrl\":\"https:\/\/sinergana.hr\/wp-content\/uploads\/2023\/04\/logo-sinergana.svg\",\"width\":231,\"height\":88,\"caption\":\"Sinergana\"},\"image\":{\"@id\":\"https:\/\/sinergana.hr\/#\/schema\/logo\/image\/\"}},{\"@type\":\"Person\",\"@id\":\"https:\/\/sinergana.hr\/#\/schema\/person\/89e3cda2a8623f12f86343d697944712\",\"name\":\"admPr0s\",\"image\":{\"@type\":\"ImageObject\",\"inLanguage\":\"en-GB\",\"@id\":\"https:\/\/sinergana.hr\/#\/schema\/person\/image\/\",\"url\":\"https:\/\/secure.gravatar.com\/avatar\/a4b21b8d76c1356d14f0b96ca0946cf2ff84e24a19d611e48b227628c25dfc55?s=96&d=mm&r=g\",\"contentUrl\":\"https:\/\/secure.gravatar.com\/avatar\/a4b21b8d76c1356d14f0b96ca0946cf2ff84e24a19d611e48b227628c25dfc55?s=96&d=mm&r=g\",\"caption\":\"admPr0s\"},\"sameAs\":[\"https:\/\/sinergana.hr\"],\"url\":\"https:\/\/sinergana.hr\/en\/author\/admpr0s\/\"}]}<\/script>\n<!-- \/ Yoast SEO plugin. -->","yoast_head_json":{"title":"Poziv na iskazivanje interesa za kori\u0161tenje poslovnih prostora i usluga poduzetni\u010dkog inkubatora Sinergana - Sinergana","robots":{"index":"index","follow":"follow","max-snippet":"max-snippet:-1","max-image-preview":"max-image-preview:large","max-video-preview":"max-video-preview:-1"},"canonical":"https:\/\/sinergana.hr\/en\/poziv-na-iskazivanje-interesa-za-koristenje-poslovnih-prostora-i-usluga-poduzetnickog-inkubatora-sinergana-srijeda-5-veljaca-2025\/","og_locale":"en_GB","og_type":"article","og_title":"Poziv na iskazivanje interesa za kori\u0161tenje poslovnih prostora i usluga poduzetni\u010dkog inkubatora Sinergana - Sinergana","og_description":"Grad Rijeka, Upravni odjel za gospodarstvo, razvoj, ekologiju i europske projekte objavio je Poziv na iskazivanje interesa za kori\u0161tenje poslovnih prostora i usluga poduzetni\u010dkog inkubatora Sinergana. EU projekt \u2018Inkubator za kreativne tehnologije i IT industriju \u2013 Energana\u2019 Izgradnja, opremanje i stavljanje u funkciju inkubatora Sinergana provodi se kroz EU projekt \u2018Inkubator za kreativne tehnologije i [&hellip;]","og_url":"https:\/\/sinergana.hr\/en\/poziv-na-iskazivanje-interesa-za-koristenje-poslovnih-prostora-i-usluga-poduzetnickog-inkubatora-sinergana-srijeda-5-veljaca-2025\/","og_site_name":"Sinergana","article_published_time":"2025-02-05T07:49:10+00:00","article_modified_time":"2025-03-26T15:14:00+00:00","og_image":[{"width":2560,"height":1920,"url":"https:\/\/sinergana.hr\/wp-content\/uploads\/2025\/02\/IMG_20240918_110009-min-scaled.jpg","type":"image\/jpeg"}],"author":"admPr0s","twitter_card":"summary_large_image","twitter_misc":{"Written by":"admPr0s","Estimated reading time":"4 minutes"},"schema":{"@context":"https:\/\/schema.org","@graph":[{"@type":"Article","@id":"https:\/\/sinergana.hr\/poziv-na-iskazivanje-interesa-za-koristenje-poslovnih-prostora-i-usluga-poduzetnickog-inkubatora-sinergana-srijeda-5-veljaca-2025\/#article","isPartOf":{"@id":"https:\/\/sinergana.hr\/poziv-na-iskazivanje-interesa-za-koristenje-poslovnih-prostora-i-usluga-poduzetnickog-inkubatora-sinergana-srijeda-5-veljaca-2025\/"},"author":{"name":"admPr0s","@id":"https:\/\/sinergana.hr\/#\/schema\/person\/89e3cda2a8623f12f86343d697944712"},"headline":"Poziv na iskazivanje interesa za kori\u0161tenje poslovnih prostora i usluga poduzetni\u010dkog inkubatora Sinergana","datePublished":"2025-02-05T07:49:10+00:00","dateModified":"2025-03-26T15:14:00+00:00","mainEntityOfPage":{"@id":"https:\/\/sinergana.hr\/poziv-na-iskazivanje-interesa-za-koristenje-poslovnih-prostora-i-usluga-poduzetnickog-inkubatora-sinergana-srijeda-5-veljaca-2025\/"},"wordCount":630,"commentCount":0,"publisher":{"@id":"https:\/\/sinergana.hr\/#organization"},"image":{"@id":"https:\/\/sinergana.hr\/poziv-na-iskazivanje-interesa-za-koristenje-poslovnih-prostora-i-usluga-poduzetnickog-inkubatora-sinergana-srijeda-5-veljaca-2025\/#primaryimage"},"thumbnailUrl":"https:\/\/sinergana.hr\/wp-content\/uploads\/2025\/02\/IMG_20240918_110009-min-scaled.jpg","articleSection":["Ostalo"],"inLanguage":"en-GB"},{"@type":"WebPage","@id":"https:\/\/sinergana.hr\/poziv-na-iskazivanje-interesa-za-koristenje-poslovnih-prostora-i-usluga-poduzetnickog-inkubatora-sinergana-srijeda-5-veljaca-2025\/","url":"https:\/\/sinergana.hr\/poziv-na-iskazivanje-interesa-za-koristenje-poslovnih-prostora-i-usluga-poduzetnickog-inkubatora-sinergana-srijeda-5-veljaca-2025\/","name":"Poziv na iskazivanje interesa za kori\u0161tenje poslovnih prostora i usluga poduzetni\u010dkog inkubatora Sinergana - Sinergana","isPartOf":{"@id":"https:\/\/sinergana.hr\/#website"},"primaryImageOfPage":{"@id":"https:\/\/sinergana.hr\/poziv-na-iskazivanje-interesa-za-koristenje-poslovnih-prostora-i-usluga-poduzetnickog-inkubatora-sinergana-srijeda-5-veljaca-2025\/#primaryimage"},"image":{"@id":"https:\/\/sinergana.hr\/poziv-na-iskazivanje-interesa-za-koristenje-poslovnih-prostora-i-usluga-poduzetnickog-inkubatora-sinergana-srijeda-5-veljaca-2025\/#primaryimage"},"thumbnailUrl":"https:\/\/sinergana.hr\/wp-content\/uploads\/2025\/02\/IMG_20240918_110009-min-scaled.jpg","datePublished":"2025-02-05T07:49:10+00:00","dateModified":"2025-03-26T15:14:00+00:00","breadcrumb":{"@id":"https:\/\/sinergana.hr\/poziv-na-iskazivanje-interesa-za-koristenje-poslovnih-prostora-i-usluga-poduzetnickog-inkubatora-sinergana-srijeda-5-veljaca-2025\/#breadcrumb"},"inLanguage":"en-GB","potentialAction":[{"@type":"ReadAction","target":["https:\/\/sinergana.hr\/poziv-na-iskazivanje-interesa-za-koristenje-poslovnih-prostora-i-usluga-poduzetnickog-inkubatora-sinergana-srijeda-5-veljaca-2025\/"]}]},{"@type":"ImageObject","inLanguage":"en-GB","@id":"https:\/\/sinergana.hr\/poziv-na-iskazivanje-interesa-za-koristenje-poslovnih-prostora-i-usluga-poduzetnickog-inkubatora-sinergana-srijeda-5-veljaca-2025\/#primaryimage","url":"https:\/\/sinergana.hr\/wp-content\/uploads\/2025\/02\/IMG_20240918_110009-min-scaled.jpg","contentUrl":"https:\/\/sinergana.hr\/wp-content\/uploads\/2025\/02\/IMG_20240918_110009-min-scaled.jpg","width":2560,"height":1920},{"@type":"BreadcrumbList","@id":"https:\/\/sinergana.hr\/poziv-na-iskazivanje-interesa-za-koristenje-poslovnih-prostora-i-usluga-poduzetnickog-inkubatora-sinergana-srijeda-5-veljaca-2025\/#breadcrumb","itemListElement":[{"@type":"ListItem","position":1,"name":"Po\u010detna stranica","item":"https:\/\/sinergana.hr\/"},{"@type":"ListItem","position":2,"name":"Poziv na iskazivanje interesa za kori\u0161tenje poslovnih prostora i usluga poduzetni\u010dkog inkubatora Sinergana"}]},{"@type":"WebSite","@id":"https:\/\/sinergana.hr\/#website","url":"https:\/\/sinergana.hr\/","name":"Sinergana","description":"Creative Technologies and IT Industry Incubator","publisher":{"@id":"https:\/\/sinergana.hr\/#organization"},"potentialAction":[{"@type":"SearchAction","target":{"@type":"EntryPoint","urlTemplate":"https:\/\/sinergana.hr\/?s={search_term_string}"},"query-input":{"@type":"PropertyValueSpecification","valueRequired":true,"valueName":"search_term_string"}}],"inLanguage":"en-GB"},{"@type":"Organization","@id":"https:\/\/sinergana.hr\/#organization","name":"Sinergana","url":"https:\/\/sinergana.hr\/","logo":{"@type":"ImageObject","inLanguage":"en-GB","@id":"https:\/\/sinergana.hr\/#\/schema\/logo\/image\/","url":"https:\/\/sinergana.hr\/wp-content\/uploads\/2023\/04\/logo-sinergana.svg","contentUrl":"https:\/\/sinergana.hr\/wp-content\/uploads\/2023\/04\/logo-sinergana.svg","width":231,"height":88,"caption":"Sinergana"},"image":{"@id":"https:\/\/sinergana.hr\/#\/schema\/logo\/image\/"}},{"@type":"Person","@id":"https:\/\/sinergana.hr\/#\/schema\/person\/89e3cda2a8623f12f86343d697944712","name":"admPr0s","image":{"@type":"ImageObject","inLanguage":"en-GB","@id":"https:\/\/sinergana.hr\/#\/schema\/person\/image\/","url":"https:\/\/secure.gravatar.com\/avatar\/a4b21b8d76c1356d14f0b96ca0946cf2ff84e24a19d611e48b227628c25dfc55?s=96&d=mm&r=g","contentUrl":"https:\/\/secure.gravatar.com\/avatar\/a4b21b8d76c1356d14f0b96ca0946cf2ff84e24a19d611e48b227628c25dfc55?s=96&d=mm&r=g","caption":"admPr0s"},"sameAs":["https:\/\/sinergana.hr"],"url":"https:\/\/sinergana.hr\/en\/author\/admpr0s\/"}]}},"_links":{"self":[{"href":"https:\/\/sinergana.hr\/en\/wp-json\/wp\/v2\/posts\/5972","targetHints":{"allow":["GET"]}}],"collection":[{"href":"https:\/\/sinergana.hr\/en\/wp-json\/wp\/v2\/posts"}],"about":[{"href":"https:\/\/sinergana.hr\/en\/wp-json\/wp\/v2\/types\/post"}],"author":[{"embeddable":true,"href":"https:\/\/sinergana.hr\/en\/wp-json\/wp\/v2\/users\/1"}],"replies":[{"embeddable":true,"href":"https:\/\/sinergana.hr\/en\/wp-json\/wp\/v2\/comments?post=5972"}],"version-history":[{"count":3,"href":"https:\/\/sinergana.hr\/en\/wp-json\/wp\/v2\/posts\/5972\/revisions"}],"predecessor-version":[{"id":5978,"href":"https:\/\/sinergana.hr\/en\/wp-json\/wp\/v2\/posts\/5972\/revisions\/5978"}],"wp:featuredmedia":[{"embeddable":true,"href":"https:\/\/sinergana.hr\/en\/wp-json\/wp\/v2\/media\/5969"}],"wp:attachment":[{"href":"https:\/\/sinergana.hr\/en\/wp-json\/wp\/v2\/media?parent=5972"}],"wp:term":[{"taxonomy":"category","embeddable":true,"href":"https:\/\/sinergana.hr\/en\/wp-json\/wp\/v2\/categories?post=5972"},{"taxonomy":"post_tag","embeddable":true,"href":"https:\/\/sinergana.hr\/en\/wp-json\/wp\/v2\/tags?post=5972"}],"curies":[{"name":"wp","href":"https:\/\/api.w.org\/{rel}","templated":true}]}}