{"id":6007,"date":"2025-03-25T15:50:28","date_gmt":"2025-03-25T14:50:28","guid":{"rendered":"https:\/\/sinergana.hr\/?p=6007"},"modified":"2025-06-09T15:53:16","modified_gmt":"2025-06-09T13:53:16","slug":"veliki-interes-za-koristenje-poslovnih-prostora-i-usluga-poduzetnickog-inkubatora-sinergana","status":"publish","type":"post","link":"https:\/\/sinergana.hr\/en\/veliki-interes-za-koristenje-poslovnih-prostora-i-usluga-poduzetnickog-inkubatora-sinergana\/","title":{"rendered":"Veliki interes za kori\u0161tenje poslovnih prostora i usluga poduzetni\u010dkog inkubatora Sinergana"},"content":{"rendered":"<div class=\"summary\">\n<p><strong>Za kori\u0161tenje prostornih kapaciteta i usluga budu\u0107eg inkubatora za kreativne tehnologije i IT industriju Sinergana postoji velik interes, pokazao je Javni poziv za iskazivanje interesa za kori\u0161tenje.<\/strong><\/p>\n<p>Javni poziv raspisan je u sije\u010dnju s ciljem ispitivanja interesa malih i srednjih poduzetnika sa sjedi\u0161tem na podru\u010dju Urbane aglomeracije Rijeka (UA) za kori\u0161tenjem budu\u0107eg inkubatora.<\/p>\n<p>U okviru trajanja Poziva prikupljeno je ukupno 36 prijava subjekata malog i srednjeg gospodarstva, od kojih 83% sa sjedi\u0161tem u gradu Rijeci, a 17% sa sjedi\u0161tem u drugim op\u0107inama i gradovima na podru\u010dju UA Rijeka. Od ukupnog broja prijavljenih, 34 je mikro poduzetnika, jedan je mali poduzetnik te jedna udruga.<\/p>\n<p>Po strukturi djelatnosti, najve\u0107i broj prijavitelja dolazi iz IT industrije i njima bliskih djelatnosti (50%), iz podru\u010dja fotografije i video produkcije ukupno je 17% prijavitelja, 8% iz industrije video igara, dok 25% dolazi iz podru\u010dja ostalih kreativnih industrija.<\/p>\n<p>Najve\u0107a potra\u017enja iskazana je za poslovnim prostorima srednje veli\u010dine, odnosno povr\u0161ine od 13 do 19 m\u00b2\u00a0 (42% prijavitelja), slijedi interes za ve\u0107im prostorima povr\u0161ine od 20 do 27 m\u00b2\u00a0 (39% prijavitelja) te na kraju onih najmanjih povr\u0161ine 8 do 12\u00b2 (19% prijavitelja). Vi\u0161e od polovice ispitanika je izjavilo da su zainteresirani za kori\u0161tenje coworking prostora, a broj tra\u017eenih radnih jedinica varira od jedne do \u010detiri po zainteresiranom prijavitelju.<\/p>\n<h2>Najvi\u0161e interesa za program internacionalizacije poslovanja i edukacije iz podru\u010dja AI<\/h2>\n<p>Od zajedni\u010dkih i specijaliziranih prostora ispitanici su visokom ocjenom procijenili kori\u0161tenje u\u010dionica, odnosno prostora za odr\u017eavanje predavanja i edukacija, dok velika potra\u017enja vlada i za najmom foto i video studija. Najni\u017ei interes iskazan je za u\u010dionicu za razvoj video igara, no obzirom na to da je i najmanje ispitanika bilo iz te industrijske djelatnosti, rezultat je o\u010dekivan.<\/p>\n<p>Programi internacionalizacije poslovanja i edukacije iz podru\u010dja umjetne inteligencije potaknuli su najvi\u0161e interesa prijavitelja, a slijede ih edukacije iz podru\u010dja unaprje\u0111enja poduzetni\u010dkih vje\u0161tina. Kod poduzetnika postoji zna\u010dajna potreba za uslugama stru\u010dnih mentorstava te ostalih usluga iz domene poslovnog savjetovanja koje \u0107e se nuditi unutar inkubatora.<\/p>\n<p>U cilju da se zainteresirani poduzetnici \u0161to bolje upoznaju s prostorom i namjenom inkubatora Sinergana, dana 4. i 14. o\u017eujka 2025. organizirani su vo\u0111eni obilasci zgrade, u okviru kojih su pru\u017eeni i odgovori na dodatne upite potencijalnih korisnika.<\/p>\n<p>Kako i stoji u zaklju\u010dku sa\u00a0<a role=\"link\" href=\"https:\/\/www.rijeka.hr\/mayor-session\/118-gradonacelnikov-kolegij\/\" target=\"_blank\" rel=\"noopener\">118. gradona\u010delnikovog kolegija<\/a>, analiza podataka iskazivanja interesa podloga je za izradu kriterija, postupaka i pravila u svezi s kori\u0161tenjem usluga, resursa te radnog prostora budu\u0107eg inkubatora za kreativne tehnologije i IT industriju. Navedeni elementi bit \u0107e definirani u javnom pozivu za ulazak poduzetnika u programe inkubatora, koji \u0107e se raspisati nakon \u0161to Sinergana bude u punoj funkciji.<\/p>\n<h2>O budu\u0107em inkubatoru Sinergana<\/h2>\n<p>Inkubator za kreativne tehnologije i IT industriju Sinergana nastaje prenamjenom biv\u0161e zgrade elektri\u010dne centrale Tvornice papira Rijeka, koja se nalazi na samom kraju Ru\u017ei\u0107eve ulice u Rijeci. Zgradu, koja je u renovaciji sa\u010duvala svoj autenti\u010dni arhitektonski stil, u prostoru isti\u010de i 85 metara visok dimnjak koji dominira u ovom dijelu kanjona Rje\u010dine.<\/p>\n<p>Rekonstrukcija zgrade budu\u0107eg inkubatora, sufinancirana sredstvima Europskog fonda za regionalni razvoj, uklju\u010duje ure\u0111enje preko 2.700 m\u00b2 povr\u0161ine na pet eta\u017ea. Pored uredskih prostora, odnosno 24 inkubacijske jedinice za poduzetnike, u prostoru Sinergane nalaze se radni prostori, vi\u0161enamjenske u\u010dionice i prostorije za sastanke, podatkovni centar, sobe za razgovor, velika multifunkcionalna dvorana, coworking prostor te drugi funkcionalni i logisti\u010dki sadr\u017eaji neophodni za u\u010dinkovit rad i ugodan boravak korisnika u inkubatoru.<\/p>\n<p>Novi poduzetni\u010dki inkubator Sinergana \u0107e, uz zajedni\u010dke i radne prostore, korisnicima osigurati specijalizirane u\u010dionice i prostorije opremljene suvremenom specijaliziranom opremom. Korisnicima \u0107e biti na raspolaganju\u00a0<strong>laboratorij za umjetnu inteligenciju\u00a0<\/strong>s ICT opremom za potrebe edukacija poduzetnika u podru\u010dju primjene AI u poduzetni\u0161tvu te\u00a0<strong>IoT\/robotics workshop\u00a0<\/strong>za prakti\u010dno kori\u0161tenje IoT i robotske opreme, testiranje i razvoj sustava.\u00a0<strong>U\u010dionica za razvoj ra\u010dunalnih igara\u00a0<\/strong>s radnim stanicama ure\u0111ena je za potrebe svih faza razvoja video igara.\u00a0<strong>Studio za snimanje, monta\u017eu i obradu foto i\u00a0video uradaka\u00a0<\/strong>bit \u0107e opremljen profesionalnim kamerama, studijskom i terenskom rasvjetom, pozadinama, uz tonski i grafi\u010dki studio te projekcijsku dvoranu.<\/p>\n<p>U prizemlju zgrade inkubatora smje\u0161ten je\u00a0<strong>Data Center\u00a0<\/strong>\u2013 podatkovni centar koji nudi usluge pohrane podataka korisnicima inkubatora, kao i zainteresiranim gospodarskim subjektima. Unutar inkubacijskog programa, Sinergana \u0107e korisnicima pru\u017eiti specijalizirane edukacije i mentorstva, edukacije za unaprje\u0111enje poduzetni\u010dkih vje\u0161tina, kori\u0161tenje radnog prostora i opreme, tematske doga\u0111aje, podr\u0161ku u internacionalizaciji poslovanja kao i druge vidove podr\u0161ke u tri tematska modula:<\/p>\n<ul>\n<li>HubIT \u2013 umjetna inteligencija, internet stvari, ICT<\/li>\n<li>HubBOT \u2013 razvoj video igara<\/li>\n<li>HubART \u2013 fotografija i video produkcija.<\/li>\n<\/ul>\n<p>Inkubator za IT industriju i kreativne tehnologije Sinergana pozicionirat \u0107e se kao\u00a0<strong>inovacijski hub<\/strong>, odnosno centar za razvoj i demonstraciju proizvoda i usluga u podru\u010dju IT, kreativnih i \u2018smart\u2019 industrija. Urbana aglomeracija Rijeka time otvara put razvoju industrija budu\u0107nosti, \u010dije se prednosti o\u010dituju u porastu broja i kvaliteti radnih mjesta, koncentraciji razvojno-istra\u017eiva\u010dkog potencijala i ja\u010danju tehnolo\u0161kih kompetencija, kao i pozitivnom doprinosu lokalnom gospodarstvu i pokazateljima ekonomske uspje\u0161nosti.<\/p>\n<\/div>","protected":false},"excerpt":{"rendered":"<p>Za kori\u0161tenje prostornih kapaciteta i usluga budu\u0107eg inkubatora za kreativne tehnologije i IT industriju Sinergana postoji velik interes, pokazao je Javni poziv za iskazivanje interesa za kori\u0161tenje. Javni poziv raspisan je u sije\u010dnju s ciljem ispitivanja interesa malih i srednjih poduzetnika sa sjedi\u0161tem na podru\u010dju Urbane aglomeracije Rijeka (UA) za kori\u0161tenjem budu\u0107eg inkubatora. U okviru [&hellip;]<\/p>","protected":false},"author":1,"featured_media":5950,"comment_status":"open","ping_status":"open","sticky":false,"template":"","format":"standard","meta":{"_acf_changed":false,"inline_featured_image":false,"footnotes":""},"categories":[21],"tags":[],"class_list":["post-6007","post","type-post","status-publish","format-standard","has-post-thumbnail","hentry","category-ostalo"],"acf":[],"yoast_head":"<!-- This site is optimized with the Yoast SEO plugin v26.9 - https:\/\/yoast.com\/product\/yoast-seo-wordpress\/ -->\n<title>Veliki interes za kori\u0161tenje poslovnih prostora i usluga poduzetni\u010dkog inkubatora Sinergana - Sinergana<\/title>\n<meta name=\"robots\" content=\"index, follow, max-snippet:-1, max-image-preview:large, max-video-preview:-1\" \/>\n<link rel=\"canonical\" href=\"https:\/\/sinergana.hr\/en\/veliki-interes-za-koristenje-poslovnih-prostora-i-usluga-poduzetnickog-inkubatora-sinergana\/\" \/>\n<meta property=\"og:locale\" content=\"en_GB\" \/>\n<meta property=\"og:type\" content=\"article\" \/>\n<meta property=\"og:title\" content=\"Veliki interes za kori\u0161tenje poslovnih prostora i usluga poduzetni\u010dkog inkubatora Sinergana - Sinergana\" \/>\n<meta property=\"og:description\" content=\"Za kori\u0161tenje prostornih kapaciteta i usluga budu\u0107eg inkubatora za kreativne tehnologije i IT industriju Sinergana postoji velik interes, pokazao je Javni poziv za iskazivanje interesa za kori\u0161tenje. Javni poziv raspisan je u sije\u010dnju s ciljem ispitivanja interesa malih i srednjih poduzetnika sa sjedi\u0161tem na podru\u010dju Urbane aglomeracije Rijeka (UA) za kori\u0161tenjem budu\u0107eg inkubatora. U okviru [&hellip;]\" \/>\n<meta property=\"og:url\" content=\"https:\/\/sinergana.hr\/en\/veliki-interes-za-koristenje-poslovnih-prostora-i-usluga-poduzetnickog-inkubatora-sinergana\/\" \/>\n<meta property=\"og:site_name\" content=\"Sinergana\" \/>\n<meta property=\"article:published_time\" content=\"2025-03-25T14:50:28+00:00\" \/>\n<meta property=\"article:modified_time\" content=\"2025-06-09T13:53:16+00:00\" \/>\n<meta property=\"og:image\" content=\"https:\/\/sinergana.hr\/wp-content\/uploads\/2024\/11\/Obilazak-zgrade-Sinergane-3010-28.jpg\" \/>\n\t<meta property=\"og:image:width\" content=\"1280\" \/>\n\t<meta property=\"og:image:height\" content=\"853\" \/>\n\t<meta property=\"og:image:type\" content=\"image\/jpeg\" \/>\n<meta name=\"author\" content=\"admPr0s\" \/>\n<meta name=\"twitter:card\" content=\"summary_large_image\" \/>\n<meta name=\"twitter:label1\" content=\"Written by\" \/>\n\t<meta name=\"twitter:data1\" content=\"admPr0s\" \/>\n\t<meta name=\"twitter:label2\" content=\"Estimated reading time\" \/>\n\t<meta name=\"twitter:data2\" content=\"5 minutes\" \/>\n<script type=\"application\/ld+json\" class=\"yoast-schema-graph\">{\"@context\":\"https:\/\/schema.org\",\"@graph\":[{\"@type\":\"Article\",\"@id\":\"https:\/\/sinergana.hr\/veliki-interes-za-koristenje-poslovnih-prostora-i-usluga-poduzetnickog-inkubatora-sinergana\/#article\",\"isPartOf\":{\"@id\":\"https:\/\/sinergana.hr\/veliki-interes-za-koristenje-poslovnih-prostora-i-usluga-poduzetnickog-inkubatora-sinergana\/\"},\"author\":{\"name\":\"admPr0s\",\"@id\":\"https:\/\/sinergana.hr\/#\/schema\/person\/89e3cda2a8623f12f86343d697944712\"},\"headline\":\"Veliki interes za kori\u0161tenje poslovnih prostora i usluga poduzetni\u010dkog inkubatora Sinergana\",\"datePublished\":\"2025-03-25T14:50:28+00:00\",\"dateModified\":\"2025-06-09T13:53:16+00:00\",\"mainEntityOfPage\":{\"@id\":\"https:\/\/sinergana.hr\/veliki-interes-za-koristenje-poslovnih-prostora-i-usluga-poduzetnickog-inkubatora-sinergana\/\"},\"wordCount\":877,\"commentCount\":0,\"publisher\":{\"@id\":\"https:\/\/sinergana.hr\/#organization\"},\"image\":{\"@id\":\"https:\/\/sinergana.hr\/veliki-interes-za-koristenje-poslovnih-prostora-i-usluga-poduzetnickog-inkubatora-sinergana\/#primaryimage\"},\"thumbnailUrl\":\"https:\/\/sinergana.hr\/wp-content\/uploads\/2024\/11\/Obilazak-zgrade-Sinergane-3010-28.jpg\",\"articleSection\":[\"Ostalo\"],\"inLanguage\":\"en-GB\"},{\"@type\":\"WebPage\",\"@id\":\"https:\/\/sinergana.hr\/veliki-interes-za-koristenje-poslovnih-prostora-i-usluga-poduzetnickog-inkubatora-sinergana\/\",\"url\":\"https:\/\/sinergana.hr\/veliki-interes-za-koristenje-poslovnih-prostora-i-usluga-poduzetnickog-inkubatora-sinergana\/\",\"name\":\"Veliki interes za kori\u0161tenje poslovnih prostora i usluga poduzetni\u010dkog inkubatora Sinergana - Sinergana\",\"isPartOf\":{\"@id\":\"https:\/\/sinergana.hr\/#website\"},\"primaryImageOfPage\":{\"@id\":\"https:\/\/sinergana.hr\/veliki-interes-za-koristenje-poslovnih-prostora-i-usluga-poduzetnickog-inkubatora-sinergana\/#primaryimage\"},\"image\":{\"@id\":\"https:\/\/sinergana.hr\/veliki-interes-za-koristenje-poslovnih-prostora-i-usluga-poduzetnickog-inkubatora-sinergana\/#primaryimage\"},\"thumbnailUrl\":\"https:\/\/sinergana.hr\/wp-content\/uploads\/2024\/11\/Obilazak-zgrade-Sinergane-3010-28.jpg\",\"datePublished\":\"2025-03-25T14:50:28+00:00\",\"dateModified\":\"2025-06-09T13:53:16+00:00\",\"breadcrumb\":{\"@id\":\"https:\/\/sinergana.hr\/veliki-interes-za-koristenje-poslovnih-prostora-i-usluga-poduzetnickog-inkubatora-sinergana\/#breadcrumb\"},\"inLanguage\":\"en-GB\",\"potentialAction\":[{\"@type\":\"ReadAction\",\"target\":[\"https:\/\/sinergana.hr\/veliki-interes-za-koristenje-poslovnih-prostora-i-usluga-poduzetnickog-inkubatora-sinergana\/\"]}]},{\"@type\":\"ImageObject\",\"inLanguage\":\"en-GB\",\"@id\":\"https:\/\/sinergana.hr\/veliki-interes-za-koristenje-poslovnih-prostora-i-usluga-poduzetnickog-inkubatora-sinergana\/#primaryimage\",\"url\":\"https:\/\/sinergana.hr\/wp-content\/uploads\/2024\/11\/Obilazak-zgrade-Sinergane-3010-28.jpg\",\"contentUrl\":\"https:\/\/sinergana.hr\/wp-content\/uploads\/2024\/11\/Obilazak-zgrade-Sinergane-3010-28.jpg\",\"width\":1280,\"height\":853},{\"@type\":\"BreadcrumbList\",\"@id\":\"https:\/\/sinergana.hr\/veliki-interes-za-koristenje-poslovnih-prostora-i-usluga-poduzetnickog-inkubatora-sinergana\/#breadcrumb\",\"itemListElement\":[{\"@type\":\"ListItem\",\"position\":1,\"name\":\"Po\u010detna stranica\",\"item\":\"https:\/\/sinergana.hr\/\"},{\"@type\":\"ListItem\",\"position\":2,\"name\":\"Veliki interes za kori\u0161tenje poslovnih prostora i usluga poduzetni\u010dkog inkubatora Sinergana\"}]},{\"@type\":\"WebSite\",\"@id\":\"https:\/\/sinergana.hr\/#website\",\"url\":\"https:\/\/sinergana.hr\/\",\"name\":\"Sinergana\",\"description\":\"Inkubator za kreativne tehnologije i IT industriju\",\"publisher\":{\"@id\":\"https:\/\/sinergana.hr\/#organization\"},\"potentialAction\":[{\"@type\":\"SearchAction\",\"target\":{\"@type\":\"EntryPoint\",\"urlTemplate\":\"https:\/\/sinergana.hr\/?s={search_term_string}\"},\"query-input\":{\"@type\":\"PropertyValueSpecification\",\"valueRequired\":true,\"valueName\":\"search_term_string\"}}],\"inLanguage\":\"en-GB\"},{\"@type\":\"Organization\",\"@id\":\"https:\/\/sinergana.hr\/#organization\",\"name\":\"Sinergana\",\"url\":\"https:\/\/sinergana.hr\/\",\"logo\":{\"@type\":\"ImageObject\",\"inLanguage\":\"en-GB\",\"@id\":\"https:\/\/sinergana.hr\/#\/schema\/logo\/image\/\",\"url\":\"https:\/\/sinergana.hr\/wp-content\/uploads\/2023\/04\/logo-sinergana.svg\",\"contentUrl\":\"https:\/\/sinergana.hr\/wp-content\/uploads\/2023\/04\/logo-sinergana.svg\",\"width\":231,\"height\":88,\"caption\":\"Sinergana\"},\"image\":{\"@id\":\"https:\/\/sinergana.hr\/#\/schema\/logo\/image\/\"}},{\"@type\":\"Person\",\"@id\":\"https:\/\/sinergana.hr\/#\/schema\/person\/89e3cda2a8623f12f86343d697944712\",\"name\":\"admPr0s\",\"image\":{\"@type\":\"ImageObject\",\"inLanguage\":\"en-GB\",\"@id\":\"https:\/\/sinergana.hr\/#\/schema\/person\/image\/\",\"url\":\"https:\/\/secure.gravatar.com\/avatar\/a4b21b8d76c1356d14f0b96ca0946cf2ff84e24a19d611e48b227628c25dfc55?s=96&d=mm&r=g\",\"contentUrl\":\"https:\/\/secure.gravatar.com\/avatar\/a4b21b8d76c1356d14f0b96ca0946cf2ff84e24a19d611e48b227628c25dfc55?s=96&d=mm&r=g\",\"caption\":\"admPr0s\"},\"sameAs\":[\"https:\/\/sinergana.hr\"],\"url\":\"https:\/\/sinergana.hr\/en\/author\/admpr0s\/\"}]}<\/script>\n<!-- \/ Yoast SEO plugin. -->","yoast_head_json":{"title":"Veliki interes za kori\u0161tenje poslovnih prostora i usluga poduzetni\u010dkog inkubatora Sinergana - Sinergana","robots":{"index":"index","follow":"follow","max-snippet":"max-snippet:-1","max-image-preview":"max-image-preview:large","max-video-preview":"max-video-preview:-1"},"canonical":"https:\/\/sinergana.hr\/en\/veliki-interes-za-koristenje-poslovnih-prostora-i-usluga-poduzetnickog-inkubatora-sinergana\/","og_locale":"en_GB","og_type":"article","og_title":"Veliki interes za kori\u0161tenje poslovnih prostora i usluga poduzetni\u010dkog inkubatora Sinergana - Sinergana","og_description":"Za kori\u0161tenje prostornih kapaciteta i usluga budu\u0107eg inkubatora za kreativne tehnologije i IT industriju Sinergana postoji velik interes, pokazao je Javni poziv za iskazivanje interesa za kori\u0161tenje. Javni poziv raspisan je u sije\u010dnju s ciljem ispitivanja interesa malih i srednjih poduzetnika sa sjedi\u0161tem na podru\u010dju Urbane aglomeracije Rijeka (UA) za kori\u0161tenjem budu\u0107eg inkubatora. U okviru [&hellip;]","og_url":"https:\/\/sinergana.hr\/en\/veliki-interes-za-koristenje-poslovnih-prostora-i-usluga-poduzetnickog-inkubatora-sinergana\/","og_site_name":"Sinergana","article_published_time":"2025-03-25T14:50:28+00:00","article_modified_time":"2025-06-09T13:53:16+00:00","og_image":[{"width":1280,"height":853,"url":"https:\/\/sinergana.hr\/wp-content\/uploads\/2024\/11\/Obilazak-zgrade-Sinergane-3010-28.jpg","type":"image\/jpeg"}],"author":"admPr0s","twitter_card":"summary_large_image","twitter_misc":{"Written by":"admPr0s","Estimated reading time":"5 minutes"},"schema":{"@context":"https:\/\/schema.org","@graph":[{"@type":"Article","@id":"https:\/\/sinergana.hr\/veliki-interes-za-koristenje-poslovnih-prostora-i-usluga-poduzetnickog-inkubatora-sinergana\/#article","isPartOf":{"@id":"https:\/\/sinergana.hr\/veliki-interes-za-koristenje-poslovnih-prostora-i-usluga-poduzetnickog-inkubatora-sinergana\/"},"author":{"name":"admPr0s","@id":"https:\/\/sinergana.hr\/#\/schema\/person\/89e3cda2a8623f12f86343d697944712"},"headline":"Veliki interes za kori\u0161tenje poslovnih prostora i usluga poduzetni\u010dkog inkubatora Sinergana","datePublished":"2025-03-25T14:50:28+00:00","dateModified":"2025-06-09T13:53:16+00:00","mainEntityOfPage":{"@id":"https:\/\/sinergana.hr\/veliki-interes-za-koristenje-poslovnih-prostora-i-usluga-poduzetnickog-inkubatora-sinergana\/"},"wordCount":877,"commentCount":0,"publisher":{"@id":"https:\/\/sinergana.hr\/#organization"},"image":{"@id":"https:\/\/sinergana.hr\/veliki-interes-za-koristenje-poslovnih-prostora-i-usluga-poduzetnickog-inkubatora-sinergana\/#primaryimage"},"thumbnailUrl":"https:\/\/sinergana.hr\/wp-content\/uploads\/2024\/11\/Obilazak-zgrade-Sinergane-3010-28.jpg","articleSection":["Ostalo"],"inLanguage":"en-GB"},{"@type":"WebPage","@id":"https:\/\/sinergana.hr\/veliki-interes-za-koristenje-poslovnih-prostora-i-usluga-poduzetnickog-inkubatora-sinergana\/","url":"https:\/\/sinergana.hr\/veliki-interes-za-koristenje-poslovnih-prostora-i-usluga-poduzetnickog-inkubatora-sinergana\/","name":"Veliki interes za kori\u0161tenje poslovnih prostora i usluga poduzetni\u010dkog inkubatora Sinergana - Sinergana","isPartOf":{"@id":"https:\/\/sinergana.hr\/#website"},"primaryImageOfPage":{"@id":"https:\/\/sinergana.hr\/veliki-interes-za-koristenje-poslovnih-prostora-i-usluga-poduzetnickog-inkubatora-sinergana\/#primaryimage"},"image":{"@id":"https:\/\/sinergana.hr\/veliki-interes-za-koristenje-poslovnih-prostora-i-usluga-poduzetnickog-inkubatora-sinergana\/#primaryimage"},"thumbnailUrl":"https:\/\/sinergana.hr\/wp-content\/uploads\/2024\/11\/Obilazak-zgrade-Sinergane-3010-28.jpg","datePublished":"2025-03-25T14:50:28+00:00","dateModified":"2025-06-09T13:53:16+00:00","breadcrumb":{"@id":"https:\/\/sinergana.hr\/veliki-interes-za-koristenje-poslovnih-prostora-i-usluga-poduzetnickog-inkubatora-sinergana\/#breadcrumb"},"inLanguage":"en-GB","potentialAction":[{"@type":"ReadAction","target":["https:\/\/sinergana.hr\/veliki-interes-za-koristenje-poslovnih-prostora-i-usluga-poduzetnickog-inkubatora-sinergana\/"]}]},{"@type":"ImageObject","inLanguage":"en-GB","@id":"https:\/\/sinergana.hr\/veliki-interes-za-koristenje-poslovnih-prostora-i-usluga-poduzetnickog-inkubatora-sinergana\/#primaryimage","url":"https:\/\/sinergana.hr\/wp-content\/uploads\/2024\/11\/Obilazak-zgrade-Sinergane-3010-28.jpg","contentUrl":"https:\/\/sinergana.hr\/wp-content\/uploads\/2024\/11\/Obilazak-zgrade-Sinergane-3010-28.jpg","width":1280,"height":853},{"@type":"BreadcrumbList","@id":"https:\/\/sinergana.hr\/veliki-interes-za-koristenje-poslovnih-prostora-i-usluga-poduzetnickog-inkubatora-sinergana\/#breadcrumb","itemListElement":[{"@type":"ListItem","position":1,"name":"Po\u010detna stranica","item":"https:\/\/sinergana.hr\/"},{"@type":"ListItem","position":2,"name":"Veliki interes za kori\u0161tenje poslovnih prostora i usluga poduzetni\u010dkog inkubatora Sinergana"}]},{"@type":"WebSite","@id":"https:\/\/sinergana.hr\/#website","url":"https:\/\/sinergana.hr\/","name":"Sinergana","description":"Creative Technologies and IT Industry Incubator","publisher":{"@id":"https:\/\/sinergana.hr\/#organization"},"potentialAction":[{"@type":"SearchAction","target":{"@type":"EntryPoint","urlTemplate":"https:\/\/sinergana.hr\/?s={search_term_string}"},"query-input":{"@type":"PropertyValueSpecification","valueRequired":true,"valueName":"search_term_string"}}],"inLanguage":"en-GB"},{"@type":"Organization","@id":"https:\/\/sinergana.hr\/#organization","name":"Sinergana","url":"https:\/\/sinergana.hr\/","logo":{"@type":"ImageObject","inLanguage":"en-GB","@id":"https:\/\/sinergana.hr\/#\/schema\/logo\/image\/","url":"https:\/\/sinergana.hr\/wp-content\/uploads\/2023\/04\/logo-sinergana.svg","contentUrl":"https:\/\/sinergana.hr\/wp-content\/uploads\/2023\/04\/logo-sinergana.svg","width":231,"height":88,"caption":"Sinergana"},"image":{"@id":"https:\/\/sinergana.hr\/#\/schema\/logo\/image\/"}},{"@type":"Person","@id":"https:\/\/sinergana.hr\/#\/schema\/person\/89e3cda2a8623f12f86343d697944712","name":"admPr0s","image":{"@type":"ImageObject","inLanguage":"en-GB","@id":"https:\/\/sinergana.hr\/#\/schema\/person\/image\/","url":"https:\/\/secure.gravatar.com\/avatar\/a4b21b8d76c1356d14f0b96ca0946cf2ff84e24a19d611e48b227628c25dfc55?s=96&d=mm&r=g","contentUrl":"https:\/\/secure.gravatar.com\/avatar\/a4b21b8d76c1356d14f0b96ca0946cf2ff84e24a19d611e48b227628c25dfc55?s=96&d=mm&r=g","caption":"admPr0s"},"sameAs":["https:\/\/sinergana.hr"],"url":"https:\/\/sinergana.hr\/en\/author\/admpr0s\/"}]}},"_links":{"self":[{"href":"https:\/\/sinergana.hr\/en\/wp-json\/wp\/v2\/posts\/6007","targetHints":{"allow":["GET"]}}],"collection":[{"href":"https:\/\/sinergana.hr\/en\/wp-json\/wp\/v2\/posts"}],"about":[{"href":"https:\/\/sinergana.hr\/en\/wp-json\/wp\/v2\/types\/post"}],"author":[{"embeddable":true,"href":"https:\/\/sinergana.hr\/en\/wp-json\/wp\/v2\/users\/1"}],"replies":[{"embeddable":true,"href":"https:\/\/sinergana.hr\/en\/wp-json\/wp\/v2\/comments?post=6007"}],"version-history":[{"count":2,"href":"https:\/\/sinergana.hr\/en\/wp-json\/wp\/v2\/posts\/6007\/revisions"}],"predecessor-version":[{"id":6010,"href":"https:\/\/sinergana.hr\/en\/wp-json\/wp\/v2\/posts\/6007\/revisions\/6010"}],"wp:featuredmedia":[{"embeddable":true,"href":"https:\/\/sinergana.hr\/en\/wp-json\/wp\/v2\/media\/5950"}],"wp:attachment":[{"href":"https:\/\/sinergana.hr\/en\/wp-json\/wp\/v2\/media?parent=6007"}],"wp:term":[{"taxonomy":"category","embeddable":true,"href":"https:\/\/sinergana.hr\/en\/wp-json\/wp\/v2\/categories?post=6007"},{"taxonomy":"post_tag","embeddable":true,"href":"https:\/\/sinergana.hr\/en\/wp-json\/wp\/v2\/tags?post=6007"}],"curies":[{"name":"wp","href":"https:\/\/api.w.org\/{rel}","templated":true}]}}